{"id":5014,"date":"2015-11-22T15:43:59","date_gmt":"2015-11-22T14:43:59","guid":{"rendered":"http:\/\/mitue.de\/?p=5014"},"modified":"2015-11-22T15:43:59","modified_gmt":"2015-11-22T14:43:59","slug":"grabstatte-bechstein","status":"publish","type":"post","link":"https:\/\/mitue.de\/?p=5014","title":{"rendered":"Grabst\u00e4tte Bechstein"},"content":{"rendered":"<p><a href=\"https:\/\/www.flickr.com\/photos\/mitue\/22578170424\/in\/dateposted\/\" title=\"Bechstein3\"><img loading=\"lazy\" decoding=\"async\" src=\"https:\/\/farm1.staticflickr.com\/672\/22578170424_aff6075a6d.jpg\" width=\"500\" height=\"490\" alt=\"Bechstein3\"><\/a><\/p>\n<blockquote><p>Der Pianofortefabrikant Carl Bechstein (1826-1900) und seine Gattin Louise (1828-1899) wurden auf einem 40 qm gro\u00dfem Erbbegr\u00e4bnis beigesetzt. Georg Roensch (1861-1923) entwarf das Grabmonument. \u00dcber der Gruft mit sarkophagartigem Deckstein aus gr\u00fcnem Fichtelgebirgs-Syenit ragt eine halbovale Exedra mit zur Front weisenden Pfeilern auf. Die Fronten werden durch zwei bronzene Portraitreliefs geschm\u00fcckt. Vor der gegliederten R\u00fcckwand mit Nischenarchitektur ist die gesockelte Bronzefigur einer trauernden Muse aufgestellt, entworfen von Max Koch (1859-1930), gegossen von Hermann Noack (1867-1941). Der ideal gebildete Kopf birgt eingelegte Augen aus dunklem Glas. Die Harfe ist verloren. Ein schmiedeeisernes Gitter der Firma Eduard Puls (1840-1909) umfasst die Grabst\u00e4tte. Vor 1997 wurde es restauriert. Ein mit Rosen beranktes, eisernes Kletterger\u00fcst kaschiert die dahinter liegenden Grab-<br \/>\nkapellen.<br \/>\n(J\u00f6rg Kuhn in: Gartendenkmale in Berlin &#8211; Friedh\u00f6fe, Imhof Verlag, 2008)\n<\/p><\/blockquote>\n<p><a href=\"https:\/\/www.flickr.com\/photos\/mitue\/23206653755\/in\/photostream\/\" title=\"Bechstein1\"><img loading=\"lazy\" decoding=\"async\" src=\"https:\/\/farm1.staticflickr.com\/705\/23206653755_21f1a61bb2.jpg\" width=\"447\" height=\"500\" alt=\"Bechstein1\"><\/a><\/p>\n<p><a href=\"https:\/\/www.flickr.com\/photos\/mitue\/22838703249\/in\/photostream\/\" title=\"Bechstein2\"><img loading=\"lazy\" decoding=\"async\" src=\"https:\/\/farm1.staticflickr.com\/694\/22838703249_7aa3ce7a8f.jpg\" width=\"432\" height=\"500\" alt=\"Bechstein2\"><\/a><\/p>\n","protected":false},"excerpt":{"rendered":"<p>Der Pianofortefabrikant Carl Bechstein (1826-1900) und seine Gattin Louise (1828-1899) wurden auf einem 40 qm gro\u00dfem Erbbegr\u00e4bnis beigesetzt. Georg Roensch (1861-1923) entwarf das Grabmonument. \u00dcber der Gruft mit sarkophagartigem Deckstein aus gr\u00fcnem Fichtelgebirgs-Syenit ragt eine halbovale Exedra mit zur Front weisenden Pfeilern auf. Die Fronten werden durch zwei bronzene Portraitreliefs geschm\u00fcckt. Vor der gegliederten R\u00fcckwand [&hellip;]<\/p>\n","protected":false},"author":1,"featured_media":0,"comment_status":"open","ping_status":"closed","sticky":false,"template":"","format":"standard","meta":{"footnotes":""},"categories":[4],"tags":[14],"class_list":["post-5014","post","type-post","status-publish","format-standard","hentry","category-berlin","tag-friedhof"],"_links":{"self":[{"href":"https:\/\/mitue.de\/index.php?rest_route=\/wp\/v2\/posts\/5014","targetHints":{"allow":["GET"]}}],"collection":[{"href":"https:\/\/mitue.de\/index.php?rest_route=\/wp\/v2\/posts"}],"about":[{"href":"https:\/\/mitue.de\/index.php?rest_route=\/wp\/v2\/types\/post"}],"author":[{"embeddable":true,"href":"https:\/\/mitue.de\/index.php?rest_route=\/wp\/v2\/users\/1"}],"replies":[{"embeddable":true,"href":"https:\/\/mitue.de\/index.php?rest_route=%2Fwp%2Fv2%2Fcomments&post=5014"}],"version-history":[{"count":1,"href":"https:\/\/mitue.de\/index.php?rest_route=\/wp\/v2\/posts\/5014\/revisions"}],"predecessor-version":[{"id":5015,"href":"https:\/\/mitue.de\/index.php?rest_route=\/wp\/v2\/posts\/5014\/revisions\/5015"}],"wp:attachment":[{"href":"https:\/\/mitue.de\/index.php?rest_route=%2Fwp%2Fv2%2Fmedia&parent=5014"}],"wp:term":[{"taxonomy":"category","embeddable":true,"href":"https:\/\/mitue.de\/index.php?rest_route=%2Fwp%2Fv2%2Fcategories&post=5014"},{"taxonomy":"post_tag","embeddable":true,"href":"https:\/\/mitue.de\/index.php?rest_route=%2Fwp%2Fv2%2Ftags&post=5014"}],"curies":[{"name":"wp","href":"https:\/\/api.w.org\/{rel}","templated":true}]}}