{"id":5083,"date":"2016-01-14T17:33:04","date_gmt":"2016-01-14T16:33:04","guid":{"rendered":"http:\/\/mitue.de\/?p=5083"},"modified":"2016-01-14T17:33:04","modified_gmt":"2016-01-14T16:33:04","slug":"wer-spricht","status":"publish","type":"post","link":"https:\/\/mitue.de\/?p=5083","title":{"rendered":"Wer spricht?"},"content":{"rendered":"<blockquote><p>For WHO\u2019S SPEAKING? M\u00fcller has conceived new versions of two figures \u2013 Hermes and Hermaphroditos \u2013 who weave a web of references and connections between the individual works, and accompany the viewer throughout the exhibition. As the voice in a new sound installation, the protagonist of a video, or as a figurative sculpture that reverses the relationship between work and viewer, these two figures from Greek mythology appear in both expected and unexpected places, and link the content of the exhibition\u2019s two floors formally.<br \/>\n(more <a href=\"http:\/\/kubaparis.com\/michael-mueller\/\">here<\/a> and <a href=\"http:\/\/www.kultura-extra.de\/kunst\/portrait\/kurzportrait_michaelmueller_werspricht.php\">here<\/a>)<\/p><\/blockquote>\n<p><a href=\"https:\/\/www.flickr.com\/photos\/mitue\/24264205676\/in\/photolist-CykhaN-C3Ww5q-CTatT4-CTanQc-CY9oZJ-CY9qUA-C44JJZ-CQTUuy-CY9t9f-oH65Ak-oH6Mda-oZzRbg-oH6Pfg-oZy49L-9T3b3g-2y6iof-2y1gti-2uebMv-2phsxE-2q3GNz\" title=\"2016010923\"><img loading=\"lazy\" decoding=\"async\" src=\"https:\/\/farm2.staticflickr.com\/1513\/24264205676_7586080675.jpg\" width=\"500\" height=\"426\" alt=\"2016010923\"><\/a><\/p>\n<blockquote><p><a href=\"https:\/\/de.wikipedia.org\/wiki\/Michael_M%C3%BCller_(K%C3%BCnstler)\">Michael M\u00fcllers<\/a> erste institutionelle Einzelausstellung <a href=\"http:\/\/www.kw-berlin.de\/de\/exhibitions\/whos_speaking_519\">WER SPRICHT?<\/a> bringt Werke der vergangenen Jahre mit eigens f\u00fcr die Ausstellung entwickelten Neuproduktionen zusammen, die sich auf unterschiedliche Weise der Frage nach k\u00fcnstlerischer Autorschaft stellen.<\/p>\n<p>\u201eWer spricht?\u201c bedeutet aus M\u00fcllers Perspektive auch: \u201eWas wird gesagt?\u201c und \u201eWarum wird gesprochen?\u201c; aber auch \u201eWer h\u00f6rt zu?\u201c Die gezeigten Arbeiten gehen immer wieder neu von der Frage aus, inwieweit ein K\u00fcnstler in seinen Werken selbst sichtbar wird. Jedes einzelne Werk verortet sich im Spannungsverh\u00e4ltnis von Anwendung oder Umformung historischer wie gegenw\u00e4rtiger k\u00fcnstlerischer Codes und den pers\u00f6nlichen Obsessionen des K\u00fcnstlers<\/p><\/blockquote>\n<p><a  href=\"https:\/\/www.flickr.com\/photos\/mitue\/23994733040\/in\/photolist-CykhaN-C3Ww5q-CTatT4-CTanQc-CY9oZJ-CY9qUA-C44JJZ-CQTUuy-CY9t9f-oH65Ak-oH6Mda-oZzRbg-oH6Pfg-oZy49L-9T3b3g-2y6iof-2y1gti-2uebMv-2phsxE-2q3GNz\" title=\"2016010928\"><img loading=\"lazy\" decoding=\"async\" src=\"https:\/\/farm2.staticflickr.com\/1495\/23994733040_b23088f5dc.jpg\" width=\"500\" height=\"366\" alt=\"2016010928\"><\/a><\/p>\n<p><a href=\"https:\/\/www.flickr.com\/photos\/mitue\/24182162752\/in\/photolist-CykhaN-C3Ww5q-CTatT4-CTanQc-CY9oZJ-CY9qUA-C44JJZ-CQTUuy-CY9t9f-oH65Ak-oH6Mda-oZzRbg-oH6Pfg-oZy49L-9T3b3g-2y6iof-2y1gti-2uebMv-2phsxE-2q3GNz\" title=\"2016010924\"><img loading=\"lazy\" decoding=\"async\" src=\"https:\/\/farm2.staticflickr.com\/1710\/24182162752_394c61d9a9.jpg\" width=\"500\" height=\"429\" alt=\"2016010924\"><\/a><br \/>\n<a href=\"http:\/\/mitue.de\/?p=5078\">Fliegende Schnecke<\/a><\/p>\n<p align=\"left\"><a href=\"http:\/\/mitue.de\/?p=4261\">Der Kubist Marcel Duchamp mag nicht malen<\/a><\/p>\n","protected":false},"excerpt":{"rendered":"<p>For WHO\u2019S SPEAKING? M\u00fcller has conceived new versions of two figures \u2013 Hermes and Hermaphroditos \u2013 who weave a web of references and connections between the individual works, and accompany the viewer throughout the exhibition. As the voice in a new sound installation, the protagonist of a video, or as a figurative sculpture that reverses [&hellip;]<\/p>\n","protected":false},"author":1,"featured_media":0,"comment_status":"open","ping_status":"closed","sticky":false,"template":"","format":"standard","meta":{"footnotes":""},"categories":[5],"tags":[73],"class_list":["post-5083","post","type-post","status-publish","format-standard","hentry","category-ausstellungen","tag-kunstwerke"],"_links":{"self":[{"href":"https:\/\/mitue.de\/index.php?rest_route=\/wp\/v2\/posts\/5083","targetHints":{"allow":["GET"]}}],"collection":[{"href":"https:\/\/mitue.de\/index.php?rest_route=\/wp\/v2\/posts"}],"about":[{"href":"https:\/\/mitue.de\/index.php?rest_route=\/wp\/v2\/types\/post"}],"author":[{"embeddable":true,"href":"https:\/\/mitue.de\/index.php?rest_route=\/wp\/v2\/users\/1"}],"replies":[{"embeddable":true,"href":"https:\/\/mitue.de\/index.php?rest_route=%2Fwp%2Fv2%2Fcomments&post=5083"}],"version-history":[{"count":1,"href":"https:\/\/mitue.de\/index.php?rest_route=\/wp\/v2\/posts\/5083\/revisions"}],"predecessor-version":[{"id":5084,"href":"https:\/\/mitue.de\/index.php?rest_route=\/wp\/v2\/posts\/5083\/revisions\/5084"}],"wp:attachment":[{"href":"https:\/\/mitue.de\/index.php?rest_route=%2Fwp%2Fv2%2Fmedia&parent=5083"}],"wp:term":[{"taxonomy":"category","embeddable":true,"href":"https:\/\/mitue.de\/index.php?rest_route=%2Fwp%2Fv2%2Fcategories&post=5083"},{"taxonomy":"post_tag","embeddable":true,"href":"https:\/\/mitue.de\/index.php?rest_route=%2Fwp%2Fv2%2Ftags&post=5083"}],"curies":[{"name":"wp","href":"https:\/\/api.w.org\/{rel}","templated":true}]}}