{"id":513,"date":"2009-06-19T20:56:27","date_gmt":"2009-06-19T19:56:27","guid":{"rendered":"http:\/\/mitue.de\/?p=513"},"modified":"2009-06-19T20:56:27","modified_gmt":"2009-06-19T19:56:27","slug":"lubok","status":"publish","type":"post","link":"https:\/\/mitue.de\/?p=513","title":{"rendered":"Lubok"},"content":{"rendered":"<blockquote><p>Volker Pf\u00fcller wurde 1939 in Leipzig geboren und studierte u.a. an der Kunsthochschule Berlin Wei\u00dfensee. Nach diversen Lehrauftr\u00e4gen wurde er 1990 Gastprofessor f\u00fcr Illustration an der GHK Kassel und 1991 Professor f\u00fcr B\u00fchnenbild an der Kunsthochschule Berlin Wei\u00dfensee. 1997- 2005 \u00fcbernahm Volker Pf\u00fcller die Klasse f\u00fcr Illustration an der Hochschule f\u00fcr Grafik und Buchkunst Leipzig.<\/p>\n<p>Als B\u00fchnenbildner arbeitete er u.a. mit den Regisseuren Adolf Dresen, Dieter Dorn, Alexander Lang, Thomas Langhoff und Alexander Stillmark am Deutschen Theater Berlin, an der Volksb\u00fchne und am Schiller-Theater Berlin, an den M\u00fcnchner Kammerspielen, am Thalia Theater Hamburg, an der Staatsoper Stuttgart, an der New Israeli Opera Tel Aviv und beim Maggio Musicale Fiorentino (Italien).<\/p>\n<p>Neben seiner Arbeit als B\u00fchnen-und Kost\u00fcmbildner ist Volker Pf\u00fcller durch die Gestaltung von Plakaten, Grafiken und Illustrationen bekannt geworden. Im Mittelpunkt steht dabei immer wieder der Mensch \u2013 Gesichter und K\u00f6pfe, die er in verknappter Bildsprache, manchmal satirisch, manchmal poetisch bildnerisch umsetzt.<br \/>\n(<a href=\"http:\/\/www.amalienpark.de\/presse\/presse_pfueller.htm\">hier<\/a>)<\/p><\/blockquote>\n<p><a title=\"Plakate by mitue, on Flickr\" href=\"http:\/\/www.flickr.com\/photos\/mitue\/3642190282\/\"><img loading=\"lazy\" decoding=\"async\" src=\"http:\/\/farm3.static.flickr.com\/2475\/3642190282_cb39e13dcb.jpg\" border=\"0\" alt=\"Plakate\" width=\"500\" height=\"334\" \/><\/a><\/p>\n<p>Anl\u00e4sslich des 70. Geburtstags Volker Pf\u00fcllers gibt der <a href=\"http:\/\/www.lubok.de\/\">Lubok Verlag<\/a> eine Vorzugsausgabe unserer drei Lubok Spezial-B\u00fccher von Pf\u00fcller heraus. Urspr\u00fcnglich bezeichnet <a href=\"http:\/\/de.wikipedia.org\/wiki\/Lubok\">Lubok<\/a> Russische Volksbilderb\u00f6gen aus dem 19. Jahrhundert, preiswerte Originalgrafik, die auf Jahrm\u00e4rkten verkauft wurde.<\/p>\n","protected":false},"excerpt":{"rendered":"<p>Volker Pf\u00fcller wurde 1939 in Leipzig geboren und studierte u.a. an der Kunsthochschule Berlin Wei\u00dfensee. Nach diversen Lehrauftr\u00e4gen wurde er 1990 Gastprofessor f\u00fcr Illustration an der GHK Kassel und 1991 Professor f\u00fcr B\u00fchnenbild an der Kunsthochschule Berlin Wei\u00dfensee. 1997- 2005 \u00fcbernahm Volker Pf\u00fcller die Klasse f\u00fcr Illustration an der Hochschule f\u00fcr Grafik und Buchkunst Leipzig. [&hellip;]<\/p>\n","protected":false},"author":1,"featured_media":0,"comment_status":"open","ping_status":"open","sticky":false,"template":"","format":"standard","meta":{"footnotes":""},"categories":[5],"tags":[159],"class_list":["post-513","post","type-post","status-publish","format-standard","hentry","category-ausstellungen","tag-volker-pfuller"],"_links":{"self":[{"href":"https:\/\/mitue.de\/index.php?rest_route=\/wp\/v2\/posts\/513","targetHints":{"allow":["GET"]}}],"collection":[{"href":"https:\/\/mitue.de\/index.php?rest_route=\/wp\/v2\/posts"}],"about":[{"href":"https:\/\/mitue.de\/index.php?rest_route=\/wp\/v2\/types\/post"}],"author":[{"embeddable":true,"href":"https:\/\/mitue.de\/index.php?rest_route=\/wp\/v2\/users\/1"}],"replies":[{"embeddable":true,"href":"https:\/\/mitue.de\/index.php?rest_route=%2Fwp%2Fv2%2Fcomments&post=513"}],"version-history":[{"count":2,"href":"https:\/\/mitue.de\/index.php?rest_route=\/wp\/v2\/posts\/513\/revisions"}],"predecessor-version":[{"id":515,"href":"https:\/\/mitue.de\/index.php?rest_route=\/wp\/v2\/posts\/513\/revisions\/515"}],"wp:attachment":[{"href":"https:\/\/mitue.de\/index.php?rest_route=%2Fwp%2Fv2%2Fmedia&parent=513"}],"wp:term":[{"taxonomy":"category","embeddable":true,"href":"https:\/\/mitue.de\/index.php?rest_route=%2Fwp%2Fv2%2Fcategories&post=513"},{"taxonomy":"post_tag","embeddable":true,"href":"https:\/\/mitue.de\/index.php?rest_route=%2Fwp%2Fv2%2Ftags&post=513"}],"curies":[{"name":"wp","href":"https:\/\/api.w.org\/{rel}","templated":true}]}}