{"id":5150,"date":"2016-03-05T18:18:27","date_gmt":"2016-03-05T17:18:27","guid":{"rendered":"http:\/\/mitue.de\/?p=5150"},"modified":"2016-03-05T18:18:27","modified_gmt":"2016-03-05T17:18:27","slug":"prinzessinnen","status":"publish","type":"post","link":"https:\/\/mitue.de\/?p=5150","title":{"rendered":"Prinzessinnen"},"content":{"rendered":"<p><a href=\"https:\/\/www.flickr.com\/photos\/mitue\/13671468513\/in\/photolist-EHy3WQ-DWDzCk-EHy7cC-DWj2vy-DWDwvi-DWDxrg-o2yAJ3-oiLGve-o2yKLG-o2yXYg-o2z4ba-oh2F81-mQbxWH-mSjfdB-mQ6Rhn-m62QZq-fCENEp-bJRQMP-bJQdY2-bgh74v-aNm1dF-8nKw4x-8sTC2s-8sQz7z-7goo6K-7gooT2-7gooL2-7gsjB5-7gooki-7iG5BH-7iG5pv-6iQghJ-6iQh6u-6iQfLm-6iAdLb-6iQg1Q-6iQgQS-6iQgAu-6iQhoo-3aRoe1-3aLEPR-tLeX1-qJUnt-9R4sR\" title=\"Prinzessinnen\"><img loading=\"lazy\" decoding=\"async\" src=\"https:\/\/farm8.staticflickr.com\/7138\/13671468513_d3a7d6729e.jpg\" width=\"500\" height=\"495\" alt=\"Prinzessinnen\"><\/a><\/p>\n<blockquote><p>Die Ausstellung <a href=\"http:\/\/www.art-in-berlin.de\/incbmeld.php?id=3592\">&#8222;PRINZESSINNEN. Johann Gottfried Schadow \/ Anna Franziska Schwarzbach&#8220;<\/a> im Schadow-Haus n\u00e4hert sich einem Thema, das \u00fcber die Jahrhunderte nichts an Aktualit\u00e4t verloren hat: dem menschlichen K\u00f6rper, seinen Proportionen und unserem Begriff der Sch\u00f6nheit. Sensibel umgesetzt, f\u00fchrt der Besuch in einen interessanten und spannenden Dialog \u00fcber vermeidliche Normen und Ideale<\/p><\/blockquote>\n<p><a href=\"https:\/\/www.flickr.com\/photos\/mitue\/24903612963\/in\/dateposted\/\" title=\"2016030509\"><img loading=\"lazy\" decoding=\"async\" src=\"https:\/\/farm2.staticflickr.com\/1550\/24903612963_3865a4d67a.jpg\" width=\"500\" height=\"375\" alt=\"2016030509\"><\/a><\/p>\n<blockquote><p>Der sehr kleine Mann zwischen den beiden grossen Gestalten kann demohngeachtet noch nicht zu den Zwergen gez\u00e4hlt werden, und finden sich \u00e4hnliche Exemplare in jeder grossen Stadt. Was bemerkenswerth ist, dass unter diesen sich solche<br \/>\nfinden, deren gehirnfassender Theil eine oftmals die K\u00f6pfe der gr\u00f6ssten M\u00e4nner \u00fcbersteigende Ausdehnung hat.<br \/>\nJohann Gottfried Schadow: POLYCLET, 1834<\/p><\/blockquote>\n<p><a href=\"https:\/\/www.flickr.com\/photos\/mitue\/24903616093\/in\/photostream\/\" title=\"2016030508\"><img loading=\"lazy\" decoding=\"async\" src=\"https:\/\/farm2.staticflickr.com\/1628\/24903616093_7340d2fe30.jpg\" width=\"500\" height=\"375\" alt=\"2016030508\"><\/a><\/p>\n<blockquote><p>Hauptdarsteller der Ausstellung sind jedoch die Mitglieder der aus Rum\u00e4nien stammenden, j\u00fcdischen Artistenfamilie Ovitz. Sieben ihrer zehn Kinder waren kleinw\u00fcchsig. Sie reisten als Musikerinnen und Musiker in den 30er und 40er Jahren durch Europa. Dann wurde die ganze Familie im Mai 1944 nach Auschwitz deportiert und den bestialischen Forschungen des Lagerarztes Josef Mengele ausgesetzt. Sie \u00fcberlebten und wanderten sp\u00e4ter nach Israel aus.<br \/>\nDie Geschwister Rosika, Franziska, Avram, Frieda, Mordechai, Elisabeth und Perla sind in Pappmach\u00e9, Wachs, Porzellan Bronze, Eisenguss oder Beton im Schadow-Haus pr\u00e4sent. <\/p><\/blockquote>\n<p><a href=\"https:\/\/www.flickr.com\/photos\/mitue\/24899808294\/in\/dateposted\/\" title=\"2016030505\"><img loading=\"lazy\" decoding=\"async\" src=\"https:\/\/farm2.staticflickr.com\/1514\/24899808294_6b6da85fce.jpg\" width=\"500\" height=\"375\" alt=\"2016030505\"><\/a><\/p>\n","protected":false},"excerpt":{"rendered":"<p>Die Ausstellung &#8222;PRINZESSINNEN. Johann Gottfried Schadow \/ Anna Franziska Schwarzbach&#8220; im Schadow-Haus n\u00e4hert sich einem Thema, das \u00fcber die Jahrhunderte nichts an Aktualit\u00e4t verloren hat: dem menschlichen K\u00f6rper, seinen Proportionen und unserem Begriff der Sch\u00f6nheit. Sensibel umgesetzt, f\u00fchrt der Besuch in einen interessanten und spannenden Dialog \u00fcber vermeidliche Normen und Ideale Der sehr kleine Mann [&hellip;]<\/p>\n","protected":false},"author":1,"featured_media":0,"comment_status":"open","ping_status":"closed","sticky":false,"template":"","format":"standard","meta":{"footnotes":""},"categories":[5],"tags":[465],"class_list":["post-5150","post","type-post","status-publish","format-standard","hentry","category-ausstellungen","tag-johann-gottfried-schadow"],"_links":{"self":[{"href":"https:\/\/mitue.de\/index.php?rest_route=\/wp\/v2\/posts\/5150","targetHints":{"allow":["GET"]}}],"collection":[{"href":"https:\/\/mitue.de\/index.php?rest_route=\/wp\/v2\/posts"}],"about":[{"href":"https:\/\/mitue.de\/index.php?rest_route=\/wp\/v2\/types\/post"}],"author":[{"embeddable":true,"href":"https:\/\/mitue.de\/index.php?rest_route=\/wp\/v2\/users\/1"}],"replies":[{"embeddable":true,"href":"https:\/\/mitue.de\/index.php?rest_route=%2Fwp%2Fv2%2Fcomments&post=5150"}],"version-history":[{"count":1,"href":"https:\/\/mitue.de\/index.php?rest_route=\/wp\/v2\/posts\/5150\/revisions"}],"predecessor-version":[{"id":5151,"href":"https:\/\/mitue.de\/index.php?rest_route=\/wp\/v2\/posts\/5150\/revisions\/5151"}],"wp:attachment":[{"href":"https:\/\/mitue.de\/index.php?rest_route=%2Fwp%2Fv2%2Fmedia&parent=5150"}],"wp:term":[{"taxonomy":"category","embeddable":true,"href":"https:\/\/mitue.de\/index.php?rest_route=%2Fwp%2Fv2%2Fcategories&post=5150"},{"taxonomy":"post_tag","embeddable":true,"href":"https:\/\/mitue.de\/index.php?rest_route=%2Fwp%2Fv2%2Ftags&post=5150"}],"curies":[{"name":"wp","href":"https:\/\/api.w.org\/{rel}","templated":true}]}}