{"id":5254,"date":"2016-05-14T17:17:40","date_gmt":"2016-05-14T16:17:40","guid":{"rendered":"http:\/\/mitue.de\/?p=5254"},"modified":"2016-05-14T17:17:40","modified_gmt":"2016-05-14T16:17:40","slug":"wolfgang-leber-zum-80-geburtstag","status":"publish","type":"post","link":"https:\/\/mitue.de\/?p=5254","title":{"rendered":"Wolfgang Leber zum 80. Geburtstag"},"content":{"rendered":"<p><a data-flickr-embed=\"true\"  href=\"https:\/\/www.flickr.com\/photos\/mitue\/26976211276\/in\/dateposted\/\" title=\"Roland\"><img loading=\"lazy\" decoding=\"async\" src=\"https:\/\/farm8.staticflickr.com\/7060\/26976211276_e4ef9a009c.jpg\" width=\"500\" height=\"343\" alt=\"Roland\"><\/a><\/p>\n<blockquote><p>Im Berliner Stadtmuseum weht sp\u00fcrbar und sichtbar ein frischer Wind, bl\u00e4st allen Staub hinaus. Die H\u00e4user sind alt, aber die Leitung ist neu. Seit der Niederl\u00e4nder Paul Spies Chef der Stiftung ist, scheint sogar durch die neogotischen Fenster des M\u00e4rkischen Museums mehr Licht zu strahlen und selbst der grimmige Roland rechts vom Eingang gute Laune zu haben.<\/p><\/blockquote>\n<p><a href=\"https:\/\/www.flickr.com\/photos\/mitue\/26405566373\/in\/dateposted\/\" title=\"Frau mit Kamm\"><img loading=\"lazy\" decoding=\"async\" src=\"https:\/\/farm8.staticflickr.com\/7205\/26405566373_27d0999296.jpg\" width=\"500\" height=\"350\" alt=\"Frau mit Kamm\"><\/a><\/p>\n<blockquote><p>Die gro\u00dfe Halle, einem Kirchenschiff nicht un\u00e4hnlich, war bislang immer nur fast leerer Durchgangsort f\u00fcr die Besucher der Ausstellungen. Nun aber h\u00e4ngen an der hohen, gekalkten Wand, dicht neben dem holzgeschnitzten gotischen \u201eSakramenthaus\u201c anno 1516 drei gro\u00dfe, farbleuchtende Gem\u00e4lde des Malers Wolfgang Leber.<br \/>\n(mehr <a href=\"http:\/\/www.berliner-zeitung.de\/kultur\/kunst\/ausstellung-wolfgang-leber-und-das-grundrauschen-der-grossstadt-23959914\">hier<\/a> in der Rezension der Ausstellung von I. Ruthe)<\/p><\/blockquote>\n","protected":false},"excerpt":{"rendered":"<p>Im Berliner Stadtmuseum weht sp\u00fcrbar und sichtbar ein frischer Wind, bl\u00e4st allen Staub hinaus. Die H\u00e4user sind alt, aber die Leitung ist neu. Seit der Niederl\u00e4nder Paul Spies Chef der Stiftung ist, scheint sogar durch die neogotischen Fenster des M\u00e4rkischen Museums mehr Licht zu strahlen und selbst der grimmige Roland rechts vom Eingang gute Laune [&hellip;]<\/p>\n","protected":false},"author":1,"featured_media":0,"comment_status":"open","ping_status":"closed","sticky":false,"template":"","format":"standard","meta":{"footnotes":""},"categories":[5],"tags":[636],"class_list":["post-5254","post","type-post","status-publish","format-standard","hentry","category-ausstellungen","tag-markisches-museum"],"_links":{"self":[{"href":"https:\/\/mitue.de\/index.php?rest_route=\/wp\/v2\/posts\/5254","targetHints":{"allow":["GET"]}}],"collection":[{"href":"https:\/\/mitue.de\/index.php?rest_route=\/wp\/v2\/posts"}],"about":[{"href":"https:\/\/mitue.de\/index.php?rest_route=\/wp\/v2\/types\/post"}],"author":[{"embeddable":true,"href":"https:\/\/mitue.de\/index.php?rest_route=\/wp\/v2\/users\/1"}],"replies":[{"embeddable":true,"href":"https:\/\/mitue.de\/index.php?rest_route=%2Fwp%2Fv2%2Fcomments&post=5254"}],"version-history":[{"count":1,"href":"https:\/\/mitue.de\/index.php?rest_route=\/wp\/v2\/posts\/5254\/revisions"}],"predecessor-version":[{"id":5255,"href":"https:\/\/mitue.de\/index.php?rest_route=\/wp\/v2\/posts\/5254\/revisions\/5255"}],"wp:attachment":[{"href":"https:\/\/mitue.de\/index.php?rest_route=%2Fwp%2Fv2%2Fmedia&parent=5254"}],"wp:term":[{"taxonomy":"category","embeddable":true,"href":"https:\/\/mitue.de\/index.php?rest_route=%2Fwp%2Fv2%2Fcategories&post=5254"},{"taxonomy":"post_tag","embeddable":true,"href":"https:\/\/mitue.de\/index.php?rest_route=%2Fwp%2Fv2%2Ftags&post=5254"}],"curies":[{"name":"wp","href":"https:\/\/api.w.org\/{rel}","templated":true}]}}