{"id":5289,"date":"2016-06-04T17:39:41","date_gmt":"2016-06-04T16:39:41","guid":{"rendered":"http:\/\/mitue.de\/?p=5289"},"modified":"2016-06-09T20:09:44","modified_gmt":"2016-06-09T19:09:44","slug":"kommunale-galerien-in-berlin-1","status":"publish","type":"post","link":"https:\/\/mitue.de\/?p=5289","title":{"rendered":"Kommunale Galerien in Berlin (1)"},"content":{"rendered":"<p align=\"left\"><b><a href=\"https:\/\/www.berlin.de\/ba-treptow-koepenick\/aktuelles\/pressemitteilungen\/2016\/pressemitteilung.480971.php\">RED LIPS<\/a><\/b><br \/>\nmit Arbeiten von<br \/>\nDorit Bearach, Marguerite Blume-C\u00e1rdenas, Anne-Fran\u00e7oise Cart, Christine D\u00fcwel, Maria Luise Faber, Karla G\u00e4n\u00dfler, Marianne Gielen, Catrin Gro\u00dfe, Sylvia Hagen, Christine Hielscher, Gudrun K\u00fchne, Sophie Natuschke, Ulrike Rosenbach, Jutta Sch\u00f6lzel, Sabine Slatosch, Karin Tiefensee, Astrid Weichelt<\/p>\n<p><a href=\"https:\/\/www.flickr.com\/photos\/mitue\/26848781084\/in\/dateposted\/\" title=\"2016_06_04 01\"><img loading=\"lazy\" decoding=\"async\" src=\"https:\/\/c5.staticflickr.com\/8\/7441\/26848781084_938048029d.jpg\" width=\"500\" height=\"375\" alt=\"2016_06_04 01\"><\/a><\/p>\n<p align=\"left\"><a href=\"http:\/\/kgberlin.net\/2014\/07\/02\/galerie-alte-schule-adlershof\/\">Alte Schule Adlershof<\/a><\/p>\n<p><a href=\"https:\/\/www.flickr.com\/photos\/mitue\/27423569246\/in\/dateposted\/\" title=\"2016_06_04 04\"><img loading=\"lazy\" decoding=\"async\" src=\"https:\/\/c7.staticflickr.com\/8\/7323\/27423569246_77129faa63.jpg\" width=\"500\" height=\"333\" alt=\"2016_06_04 04\"><\/a><\/p>\n<p><a href=\"https:\/\/www.flickr.com\/photos\/mitue\/27181434720\/in\/dateposted\/\" title=\"2016_06_04 02\"><img loading=\"lazy\" decoding=\"async\" src=\"https:\/\/c1.staticflickr.com\/8\/7317\/27181434720_d23272051d.jpg\" width=\"500\" height=\"333\" alt=\"2016_06_04 02\"><\/a><\/p>\n","protected":false},"excerpt":{"rendered":"<p>RED LIPS mit Arbeiten von Dorit Bearach, Marguerite Blume-C\u00e1rdenas, Anne-Fran\u00e7oise Cart, Christine D\u00fcwel, Maria Luise Faber, Karla G\u00e4n\u00dfler, Marianne Gielen, Catrin Gro\u00dfe, Sylvia Hagen, Christine Hielscher, Gudrun K\u00fchne, Sophie Natuschke, Ulrike Rosenbach, Jutta Sch\u00f6lzel, Sabine Slatosch, Karin Tiefensee, Astrid Weichelt Alte Schule Adlershof<\/p>\n","protected":false},"author":1,"featured_media":0,"comment_status":"open","ping_status":"closed","sticky":false,"template":"","format":"standard","meta":{"footnotes":""},"categories":[5],"tags":[638],"class_list":["post-5289","post","type-post","status-publish","format-standard","hentry","category-ausstellungen","tag-kommunale-galerie"],"_links":{"self":[{"href":"https:\/\/mitue.de\/index.php?rest_route=\/wp\/v2\/posts\/5289","targetHints":{"allow":["GET"]}}],"collection":[{"href":"https:\/\/mitue.de\/index.php?rest_route=\/wp\/v2\/posts"}],"about":[{"href":"https:\/\/mitue.de\/index.php?rest_route=\/wp\/v2\/types\/post"}],"author":[{"embeddable":true,"href":"https:\/\/mitue.de\/index.php?rest_route=\/wp\/v2\/users\/1"}],"replies":[{"embeddable":true,"href":"https:\/\/mitue.de\/index.php?rest_route=%2Fwp%2Fv2%2Fcomments&post=5289"}],"version-history":[{"count":3,"href":"https:\/\/mitue.de\/index.php?rest_route=\/wp\/v2\/posts\/5289\/revisions"}],"predecessor-version":[{"id":5304,"href":"https:\/\/mitue.de\/index.php?rest_route=\/wp\/v2\/posts\/5289\/revisions\/5304"}],"wp:attachment":[{"href":"https:\/\/mitue.de\/index.php?rest_route=%2Fwp%2Fv2%2Fmedia&parent=5289"}],"wp:term":[{"taxonomy":"category","embeddable":true,"href":"https:\/\/mitue.de\/index.php?rest_route=%2Fwp%2Fv2%2Fcategories&post=5289"},{"taxonomy":"post_tag","embeddable":true,"href":"https:\/\/mitue.de\/index.php?rest_route=%2Fwp%2Fv2%2Ftags&post=5289"}],"curies":[{"name":"wp","href":"https:\/\/api.w.org\/{rel}","templated":true}]}}