{"id":5295,"date":"2016-06-06T21:30:23","date_gmt":"2016-06-06T20:30:23","guid":{"rendered":"http:\/\/mitue.de\/?p=5295"},"modified":"2016-06-07T08:32:06","modified_gmt":"2016-06-07T07:32:06","slug":"markisches-ufer","status":"publish","type":"post","link":"https:\/\/mitue.de\/?p=5295","title":{"rendered":"M\u00e4rkisches Ufer"},"content":{"rendered":"<blockquote><p>Zwischen Jannowitz- und Ro\u00dfstra\u00dfenbr\u00fccke verl\u00e4uft am s\u00fcdlichen Ufer der Spree und des Spreekanals die Stra\u00dfe M\u00e4rkisches Ufer. Sie ist Ende des 17. Jahrhunderts entstanden, hie\u00df zun\u00e4chst Neuk\u00f6lln am Wasser und war neben der Wallstra\u00dfe eine der beiden Hauptstra\u00dfen der Vorstadt.<br \/>\n(Denkmaltopographie Berlin Ortsteil Mitte, Michael Imhof Verlag)<\/p><\/blockquote>\n<p><a title=\"Anna mit Heimatland\" href=\"https:\/\/www.flickr.com\/photos\/mitue\/27405953982\/in\/dateposted\/\"><img loading=\"lazy\" decoding=\"async\" src=\"https:\/\/c7.staticflickr.com\/8\/7124\/27405953982_bb00a73758.jpg\" alt=\"Anna mit Heimatland\" width=\"500\" height=\"345\" \/><\/a><\/p>\n<p><a title=\"Karyatiden\" href=\"https:\/\/www.flickr.com\/photos\/mitue\/27405803282\/in\/dateposted\/\"><img loading=\"lazy\" decoding=\"async\" src=\"https:\/\/c3.staticflickr.com\/8\/7302\/27405803282_a246be5096.jpg\" alt=\"Karyatiden\" width=\"500\" height=\"383\" \/><\/a><br \/>\nM\u00e4rkisches Ufer 12<\/p>\n<blockquote><p>Das <a href=\"https:\/\/de.wikipedia.org\/wiki\/Ermelerhaus\">Ermelerhaus<\/a> in der Breiten Stra\u00dfe 11 war eines der wenigen erhalten gebliebenen Patrizierh\u00e4user Alt-Berlins im historischen Stadtteil Alt-C\u00f6lln. Das unter Denkmalschutz stehende Geb\u00e4ude wurde 1966\/1967 abgetragen. Auf dem Grundst\u00fcck M\u00e4rkisches Ufer Nr. 10 im historischen Stadtviertel Neuk\u00f6lln am Wasser entstand 1968\/1969 sein gleichnamiger, denkmalgesch\u00fctzter Neubau unter Verwendung von charakteristischen Bauelementen.<\/p><\/blockquote>\n<p><a title=\"Ermeler-Haus um 1900\" href=\"https:\/\/www.flickr.com\/photos\/mitue\/27231066370\/in\/dateposted\/\"><img loading=\"lazy\" decoding=\"async\" class=\"aligncenter\" src=\"https:\/\/c3.staticflickr.com\/8\/7346\/27231066370_c83432053b.jpg\" alt=\"Ermeler-Haus um 1900\" width=\"398\" height=\"500\"\/><\/a><br \/>\nErmeler-Haus um 1900 in der Breiten Stra\u00dfe<\/p>\n<p><a title=\"Szenen aus der Welt des Tabakhandels\" href=\"https:\/\/www.flickr.com\/photos\/mitue\/26896859253\/in\/photostream\/\"><img loading=\"lazy\" decoding=\"async\" src=\"https:\/\/c6.staticflickr.com\/8\/7489\/26896859253_13c2c16abb.jpg\" alt=\"Szenen aus der Welt des Tabakhandels\" width=\"500\" height=\"72\" \/><\/a><br \/>\n<a href=\"https:\/\/de.wikipedia.org\/wiki\/Ermelerhaus\">Ermeler-Haus<\/a>, M\u00e4rkisches Ufer 10<\/p>\n<p><a title=\"Boot\" href=\"https:\/\/www.flickr.com\/photos\/mitue\/27432849951\/in\/dateposted\/\"><img loading=\"lazy\" decoding=\"async\" src=\"https:\/\/c8.staticflickr.com\/8\/7419\/27432849951_a4649e6877.jpg\" alt=\"Boot\" width=\"500\" height=\"316\" \/><\/a><\/p>\n<p><a title=\"gesperrt\" href=\"https:\/\/www.flickr.com\/photos\/mitue\/27432847701\/in\/dateposted\/\"><img loading=\"lazy\" decoding=\"async\" src=\"https:\/\/c6.staticflickr.com\/8\/7281\/27432847701_5e3b7fdf9e.jpg\" alt=\"gesperrt\" width=\"500\" height=\"339\" \/><\/a><\/p>\n","protected":false},"excerpt":{"rendered":"<p>Zwischen Jannowitz- und Ro\u00dfstra\u00dfenbr\u00fccke verl\u00e4uft am s\u00fcdlichen Ufer der Spree und des Spreekanals die Stra\u00dfe M\u00e4rkisches Ufer. Sie ist Ende des 17. Jahrhunderts entstanden, hie\u00df zun\u00e4chst Neuk\u00f6lln am Wasser und war neben der Wallstra\u00dfe eine der beiden Hauptstra\u00dfen der Vorstadt. (Denkmaltopographie Berlin Ortsteil Mitte, Michael Imhof Verlag) M\u00e4rkisches Ufer 12 Das Ermelerhaus in der Breiten [&hellip;]<\/p>\n","protected":false},"author":1,"featured_media":0,"comment_status":"open","ping_status":"closed","sticky":false,"template":"","format":"standard","meta":{"footnotes":""},"categories":[4],"tags":[],"class_list":["post-5295","post","type-post","status-publish","format-standard","hentry","category-berlin"],"_links":{"self":[{"href":"https:\/\/mitue.de\/index.php?rest_route=\/wp\/v2\/posts\/5295","targetHints":{"allow":["GET"]}}],"collection":[{"href":"https:\/\/mitue.de\/index.php?rest_route=\/wp\/v2\/posts"}],"about":[{"href":"https:\/\/mitue.de\/index.php?rest_route=\/wp\/v2\/types\/post"}],"author":[{"embeddable":true,"href":"https:\/\/mitue.de\/index.php?rest_route=\/wp\/v2\/users\/1"}],"replies":[{"embeddable":true,"href":"https:\/\/mitue.de\/index.php?rest_route=%2Fwp%2Fv2%2Fcomments&post=5295"}],"version-history":[{"count":6,"href":"https:\/\/mitue.de\/index.php?rest_route=\/wp\/v2\/posts\/5295\/revisions"}],"predecessor-version":[{"id":5301,"href":"https:\/\/mitue.de\/index.php?rest_route=\/wp\/v2\/posts\/5295\/revisions\/5301"}],"wp:attachment":[{"href":"https:\/\/mitue.de\/index.php?rest_route=%2Fwp%2Fv2%2Fmedia&parent=5295"}],"wp:term":[{"taxonomy":"category","embeddable":true,"href":"https:\/\/mitue.de\/index.php?rest_route=%2Fwp%2Fv2%2Fcategories&post=5295"},{"taxonomy":"post_tag","embeddable":true,"href":"https:\/\/mitue.de\/index.php?rest_route=%2Fwp%2Fv2%2Ftags&post=5295"}],"curies":[{"name":"wp","href":"https:\/\/api.w.org\/{rel}","templated":true}]}}