{"id":5326,"date":"2016-06-22T11:38:20","date_gmt":"2016-06-22T10:38:20","guid":{"rendered":"http:\/\/mitue.de\/?p=5326"},"modified":"2016-06-26T09:43:38","modified_gmt":"2016-06-26T08:43:38","slug":"kunstspaziergange-in-munchen-und-umgebung-10","status":"publish","type":"post","link":"https:\/\/mitue.de\/?p=5326","title":{"rendered":"Kunstspazierg\u00e4nge &#8211; M\u00fcnchen und Umgebung (10)"},"content":{"rendered":"<p align=\"left\"><a href=\"http:\/\/www.kunsthalle-muc.de\/ausstellungen\/details\/joaquin-sorolla\/\">Sorolla in der Kunsthalle M\u00fcnchen<\/a> <\/p>\n<blockquote><p>Mit seinem unverwechselbaren Stil, der sich durch kompositorische Kraft, eine sichere, lockere Pinselschrift und eine au\u00dfergew\u00f6hnliche Farbigkeit auszeichnet, trug er zur Entwicklung eines Naturalismus bei, der den Glanz und die Lichthaltigkeit des Impressionismus mit der zeichnerischen Sicherheit, der kompositorischen Festigkeit und der malerischen Eleganz der alten Meister, etwa der von Diego Velasquez, vereint.<br \/>\n(Blanca Pons-Sorolla im Katalog zur Ausstellung)<\/p><\/blockquote>\n<p align=\"center\"><a href=\"https:\/\/www.flickr.com\/photos\/mitue\/27758620951\/in\/dateposted\/\" title=\"Sorolla Katalog\"><img loading=\"lazy\" decoding=\"async\" src=\"https:\/\/c8.staticflickr.com\/8\/7219\/27758620951_3547993f26.jpg\" width=\"386\" height=\"500\" alt=\"Sorolla Katalog\"><\/a><\/p>\n<blockquote><p>Zu versuchen, etwas zu begreifen, ist unermesslich anstrengender als verwirrt zu bleiben. Blo\u00df geben wir das h\u00e4ufig nicht zu. Sind wir in einem Museum, loben wir erst mal alles, was nicht Wand ist, und manchmal auch die Wand.<br \/>\n(Sa\u0161a Stani\u0161ic in &#8222;Mo und ich f\u00fcr die Dauer der Reise&#8220; in &#8222;Fallensteller&#8220;, Luchterhand 2016)<\/p><\/blockquote>\n<p align=\"justify\">In der Sorolla-Ausstellung sind wir zum Gl\u00fcck nicht auf uns allein gestellt. Bis zum Schluss haben wir es nicht glauben wollen, aber Frau Thiel war wirklich nur f\u00fcr uns da (Vielen Dank noch einmal an die gro\u00dfz\u00fcgigen Spender). Ihre F\u00fchrung und ihre Begeisterung f\u00fcr die Malerei Sorollas ist ansteckend. Nat\u00fcrlich haben wir den Katalog gekauft, um die vielen Hinweise zu Sorollas Maltechnik (Sorollismo) in Ruhe nachvollziehen zu k\u00f6nnen.<br \/>\nIch habe es bef\u00fcrchtet, eine Kunstreise heckt die n\u00e4chste. In Madrid gibt es das &#8222;Museo Sorolla&#8220; und in New York &#8222;The Hispanic Sciety of America&#8220; mit Sorolla satt.<br \/>\nKein Museum in Deutschland besitzt einen Sorolla, dabei bewies Hugo von Tschudi durchaus Gesp\u00fcr, als er schon 1896 und dann noch 1902 jeweils ein Sorolla-Gem\u00e4lde f\u00fcr die Nationalgalerie in Berlin erwarb. Diese Werke wurden aber schon 1929 von Ludwig Justi wieder verkauft, um Mittel f\u00fcr den Ankauf eines van Gogh zu erhalten. H\u00e4tte man damals diesen Verkauf nicht zugelassen, w\u00fcrden heute in jedem deutschen Wartezimmer Sorollas statt van Goghs h\u00e4ngen. Unsere pers\u00f6nliche Fachfrau weist uns auf eine Besonderheit in der Malweise von Sorolla hin. Kurz bevor er ein Werk vollendete, ging Sorolla ein, zwei Schritte zur\u00fcck, \u00fcberlegte kurz, s\u00e4ttigte den Pinsel noch einmal, f\u00fcr dieses Bild zum letzten Mal mit leuchtender Farbe und f\u00fcgte dann blitzschnell noch vier, f\u00fcnf Punkte oder einige kurze Striche hinzu.<\/p>\n<p><a href=\"https:\/\/www.flickr.com\/photos\/mitue\/27834335115\/in\/dateposted\/\" title=\"Sorolla Ende eines Arbeitstages 1900\"><img loading=\"lazy\" decoding=\"async\" src=\"https:\/\/c4.staticflickr.com\/8\/7063\/27834335115_0f1e2ca99c.jpg\" width=\"500\" height=\"375\" alt=\"Sorolla Ende eines Arbeitstages 1900\"><\/a><\/p>\n<p align=\"justify\">Ach, und dann sind da noch die Ohren des Fischers am &#8222;Ende eines Arbeitstages&#8220;, die sch\u00f6nsten, in kr\u00e4ftigem Rot leuchtenden Ohren der Kunstgeschichte.<\/p>\n<blockquote><p>Auch das &#8222;Ende eines Arbeitstages. J\u00e1vea&#8220; sehen wir wohl durch eine touristische Brille, wenn im Hintergrund der beiden Fischer, die ihre Jolle an Land ziehen, die Steilk\u00fcste im Abendlicht gl\u00fcht und das Meer nur so im Auge prickelt vor saftigen Blau- und Gelbt\u00f6nen.<br \/>\n(mehr <a href=\"http:\/\/www.welt.de\/kultur\/kunst-und-architektur\/article153988663\/Flimmern-wie-bei-Monet-Strahlen-wie-bei-Hopper.html\">hier<\/a>)<\/p><\/blockquote>\n","protected":false},"excerpt":{"rendered":"<p>Sorolla in der Kunsthalle M\u00fcnchen Mit seinem unverwechselbaren Stil, der sich durch kompositorische Kraft, eine sichere, lockere Pinselschrift und eine au\u00dfergew\u00f6hnliche Farbigkeit auszeichnet, trug er zur Entwicklung eines Naturalismus bei, der den Glanz und die Lichthaltigkeit des Impressionismus mit der zeichnerischen Sicherheit, der kompositorischen Festigkeit und der malerischen Eleganz der alten Meister, etwa der von [&hellip;]<\/p>\n","protected":false},"author":1,"featured_media":0,"comment_status":"open","ping_status":"closed","sticky":false,"template":"","format":"standard","meta":{"footnotes":""},"categories":[5,7],"tags":[622],"class_list":["post-5326","post","type-post","status-publish","format-standard","hentry","category-ausstellungen","category-jwd","tag-munchen"],"_links":{"self":[{"href":"https:\/\/mitue.de\/index.php?rest_route=\/wp\/v2\/posts\/5326","targetHints":{"allow":["GET"]}}],"collection":[{"href":"https:\/\/mitue.de\/index.php?rest_route=\/wp\/v2\/posts"}],"about":[{"href":"https:\/\/mitue.de\/index.php?rest_route=\/wp\/v2\/types\/post"}],"author":[{"embeddable":true,"href":"https:\/\/mitue.de\/index.php?rest_route=\/wp\/v2\/users\/1"}],"replies":[{"embeddable":true,"href":"https:\/\/mitue.de\/index.php?rest_route=%2Fwp%2Fv2%2Fcomments&post=5326"}],"version-history":[{"count":3,"href":"https:\/\/mitue.de\/index.php?rest_route=\/wp\/v2\/posts\/5326\/revisions"}],"predecessor-version":[{"id":5335,"href":"https:\/\/mitue.de\/index.php?rest_route=\/wp\/v2\/posts\/5326\/revisions\/5335"}],"wp:attachment":[{"href":"https:\/\/mitue.de\/index.php?rest_route=%2Fwp%2Fv2%2Fmedia&parent=5326"}],"wp:term":[{"taxonomy":"category","embeddable":true,"href":"https:\/\/mitue.de\/index.php?rest_route=%2Fwp%2Fv2%2Fcategories&post=5326"},{"taxonomy":"post_tag","embeddable":true,"href":"https:\/\/mitue.de\/index.php?rest_route=%2Fwp%2Fv2%2Ftags&post=5326"}],"curies":[{"name":"wp","href":"https:\/\/api.w.org\/{rel}","templated":true}]}}