{"id":5343,"date":"2016-07-01T09:58:24","date_gmt":"2016-07-01T08:58:24","guid":{"rendered":"http:\/\/mitue.de\/?p=5343"},"modified":"2016-07-01T09:58:24","modified_gmt":"2016-07-01T08:58:24","slug":"kunstzentrum-tegel-sud","status":"publish","type":"post","link":"https:\/\/mitue.de\/?p=5343","title":{"rendered":"Kunstzentrum Tegel-S\u00fcd"},"content":{"rendered":"<p><a href=\"https:\/\/www.flickr.com\/photos\/mitue\/28012542215\/in\/dateposted\/\" title=\"Spaz035 23\"><img loading=\"lazy\" decoding=\"async\" src=\"https:\/\/c8.staticflickr.com\/8\/7242\/28012542215_9c0c4beba6.jpg\" width=\"500\" height=\"333\" alt=\"Spaz035 23\"><\/a><\/p>\n<p align=\"justify\">In das ehemalige Verwaltungsgeb\u00e4ude der Rheinmetall AG Berlin mit seinen 80 R\u00e4umen zogen im Mai 2001 erste K\u00fcnstlerInnen in das damals leere Geb\u00e4ude ein. Mit viel Engagement und Eigeninitiative haben die K\u00fcnstler\/innen gemeinsam mit der Verwaltung Berliner Grundst\u00fccke GmbH innerhalb weniger Jahre aus einem desolaten Geb\u00e4ude ein kreatives und kommunikatives Zentrum gemacht, das den K\u00fcnstlern gute Arbeitsbedingungen und Kunst interessierten G\u00e4sten anregende Besuche verschafft.<br \/>\n(mehr <a href=\"http:\/\/www.kunstzentrum-berlin-tegel.de\/\">hier<\/a>)<\/p>\n<p><a href=\"https:\/\/www.flickr.com\/photos\/mitue\/27399072183\/in\/dateposted\/\" title=\"Spaz035 24\"><img loading=\"lazy\" decoding=\"async\" src=\"https:\/\/c8.staticflickr.com\/8\/7076\/27399072183_87ef5a284a.jpg\" width=\"500\" height=\"346\" alt=\"Spaz035 24\"><\/a><\/p>\n<p><a href=\"https:\/\/www.flickr.com\/photos\/mitue\/27734220270\/in\/dateposted\/\" title=\"Kunst im Garten\"><img loading=\"lazy\" decoding=\"async\" src=\"https:\/\/c7.staticflickr.com\/8\/7446\/27734220270_05760a72b6.jpg\" width=\"500\" height=\"333\" alt=\"Kunst im Garten\"><\/a><\/p>\n<p><a href=\"https:\/\/www.flickr.com\/photos\/mitue\/27734228220\/in\/dateposted\/\" title=\"Kunst im Garten\"><img loading=\"lazy\" decoding=\"async\" src=\"https:\/\/c5.staticflickr.com\/8\/7514\/27734228220_a3db21f3ab.jpg\" width=\"500\" height=\"333\" alt=\"Kunst im Garten\"><\/a><\/p>\n","protected":false},"excerpt":{"rendered":"<p>In das ehemalige Verwaltungsgeb\u00e4ude der Rheinmetall AG Berlin mit seinen 80 R\u00e4umen zogen im Mai 2001 erste K\u00fcnstlerInnen in das damals leere Geb\u00e4ude ein. Mit viel Engagement und Eigeninitiative haben die K\u00fcnstler\/innen gemeinsam mit der Verwaltung Berliner Grundst\u00fccke GmbH innerhalb weniger Jahre aus einem desolaten Geb\u00e4ude ein kreatives und kommunikatives Zentrum gemacht, das den K\u00fcnstlern [&hellip;]<\/p>\n","protected":false},"author":1,"featured_media":0,"comment_status":"open","ping_status":"closed","sticky":false,"template":"","format":"standard","meta":{"footnotes":""},"categories":[5],"tags":[],"class_list":["post-5343","post","type-post","status-publish","format-standard","hentry","category-ausstellungen"],"_links":{"self":[{"href":"https:\/\/mitue.de\/index.php?rest_route=\/wp\/v2\/posts\/5343","targetHints":{"allow":["GET"]}}],"collection":[{"href":"https:\/\/mitue.de\/index.php?rest_route=\/wp\/v2\/posts"}],"about":[{"href":"https:\/\/mitue.de\/index.php?rest_route=\/wp\/v2\/types\/post"}],"author":[{"embeddable":true,"href":"https:\/\/mitue.de\/index.php?rest_route=\/wp\/v2\/users\/1"}],"replies":[{"embeddable":true,"href":"https:\/\/mitue.de\/index.php?rest_route=%2Fwp%2Fv2%2Fcomments&post=5343"}],"version-history":[{"count":1,"href":"https:\/\/mitue.de\/index.php?rest_route=\/wp\/v2\/posts\/5343\/revisions"}],"predecessor-version":[{"id":5344,"href":"https:\/\/mitue.de\/index.php?rest_route=\/wp\/v2\/posts\/5343\/revisions\/5344"}],"wp:attachment":[{"href":"https:\/\/mitue.de\/index.php?rest_route=%2Fwp%2Fv2%2Fmedia&parent=5343"}],"wp:term":[{"taxonomy":"category","embeddable":true,"href":"https:\/\/mitue.de\/index.php?rest_route=%2Fwp%2Fv2%2Fcategories&post=5343"},{"taxonomy":"post_tag","embeddable":true,"href":"https:\/\/mitue.de\/index.php?rest_route=%2Fwp%2Fv2%2Ftags&post=5343"}],"curies":[{"name":"wp","href":"https:\/\/api.w.org\/{rel}","templated":true}]}}