{"id":5366,"date":"2016-07-13T20:23:09","date_gmt":"2016-07-13T19:23:09","guid":{"rendered":"http:\/\/mitue.de\/?p=5366"},"modified":"2016-07-13T20:23:09","modified_gmt":"2016-07-13T19:23:09","slug":"kommunale-galerien-in-berlin-4","status":"publish","type":"post","link":"https:\/\/mitue.de\/?p=5366","title":{"rendered":"Kommunale Galerien in Berlin (4)"},"content":{"rendered":"<p><a href=\"https:\/\/www.flickr.com\/photos\/mitue\/28008320130\/in\/dateposted\/\" title=\"K\u00f6rnerpark 02\"><img loading=\"lazy\" decoding=\"async\" src=\"https:\/\/c3.staticflickr.com\/9\/8785\/28008320130_e4fa3802c3.jpg\" width=\"500\" height=\"363\" alt=\"K\u00f6rnerpark 02\"><\/a><\/p>\n<p align=\"left\"><a href=\"http:\/\/kultur-neukoelln.de\/galerie-im-koernerpark-programm.php\">Galerie im K\u00f6rnerpark<\/a><\/p>\n<p><a href=\"https:\/\/www.flickr.com\/photos\/mitue\/28211425111\/in\/dateposted\/\" title=\"K\u00f6rnerpark 01\"><img loading=\"lazy\" decoding=\"async\" src=\"https:\/\/c8.staticflickr.com\/9\/8578\/28211425111_bbb2d1ed99.jpg\" width=\"500\" height=\"375\" alt=\"K\u00f6rnerpark 01\"><\/a><\/p>\n<p align=\"justify\">aktuelle Ausstellung von <a href=\"http:\/\/www.terheijne.net\/\">Mathilde ter Heijne<\/a>:<br \/>\nBlood, Sweat and Tears \u2013 Assembling Past and Future<\/p>\n<p><a href=\"https:\/\/www.flickr.com\/photos\/mitue\/28255701336\/in\/photostream\/\" title=\"K\u00f6rnerpark 03\"><img loading=\"lazy\" decoding=\"async\" src=\"https:\/\/c1.staticflickr.com\/9\/8872\/28255701336_35a4a657aa.jpg\" width=\"500\" height=\"375\" alt=\"K\u00f6rnerpark 03\"><\/a><\/p>\n<p><a href=\"https:\/\/www.flickr.com\/photos\/mitue\/28211413561\/in\/photostream\/\" title=\"K\u00f6rnerpark 04\"><img loading=\"lazy\" decoding=\"async\" src=\"https:\/\/c2.staticflickr.com\/8\/7301\/28211413561_5a6983a8d7.jpg\" width=\"500\" height=\"364\" alt=\"K\u00f6rnerpark 04\"><\/a><\/p>\n<blockquote><p>Die Ausstellung transformiert die Galerie im K\u00f6rnerpark in einen Raum der Diskussion und Reflexion \u00fcber Frieden und Konfliktbew\u00e4ltigung. Historischer Ankn\u00fcpfungspunkt daf\u00fcr ist der erste <a href=\"https:\/\/de.wikipedia.org\/wiki\/Internationaler_Frauenfriedenskongress\">Internationale Frauenfriedenskongress 1915<\/a> in Den Haag, bei dem die Teilnehmer*innen \u00fcber die gesellschaftspolitischen, \u00f6konomischen und geistigen Voraussetzungen f\u00fcr einen zuk\u00fcnftig dauerhaften Frieden debattierten. Blood, Sweat and Tears versteht sich als k\u00fcnstlerische Suche nach dem, was bis heute all jene verbindet, die sich f\u00fcr eine friedvolle Welt engagieren.<\/p><\/blockquote>\n","protected":false},"excerpt":{"rendered":"<p>Galerie im K\u00f6rnerpark aktuelle Ausstellung von Mathilde ter Heijne: Blood, Sweat and Tears \u2013 Assembling Past and Future Die Ausstellung transformiert die Galerie im K\u00f6rnerpark in einen Raum der Diskussion und Reflexion \u00fcber Frieden und Konfliktbew\u00e4ltigung. Historischer Ankn\u00fcpfungspunkt daf\u00fcr ist der erste Internationale Frauenfriedenskongress 1915 in Den Haag, bei dem die Teilnehmer*innen \u00fcber die gesellschaftspolitischen, [&hellip;]<\/p>\n","protected":false},"author":1,"featured_media":0,"comment_status":"open","ping_status":"closed","sticky":false,"template":"","format":"standard","meta":{"footnotes":""},"categories":[5],"tags":[638],"class_list":["post-5366","post","type-post","status-publish","format-standard","hentry","category-ausstellungen","tag-kommunale-galerie"],"_links":{"self":[{"href":"https:\/\/mitue.de\/index.php?rest_route=\/wp\/v2\/posts\/5366","targetHints":{"allow":["GET"]}}],"collection":[{"href":"https:\/\/mitue.de\/index.php?rest_route=\/wp\/v2\/posts"}],"about":[{"href":"https:\/\/mitue.de\/index.php?rest_route=\/wp\/v2\/types\/post"}],"author":[{"embeddable":true,"href":"https:\/\/mitue.de\/index.php?rest_route=\/wp\/v2\/users\/1"}],"replies":[{"embeddable":true,"href":"https:\/\/mitue.de\/index.php?rest_route=%2Fwp%2Fv2%2Fcomments&post=5366"}],"version-history":[{"count":1,"href":"https:\/\/mitue.de\/index.php?rest_route=\/wp\/v2\/posts\/5366\/revisions"}],"predecessor-version":[{"id":5367,"href":"https:\/\/mitue.de\/index.php?rest_route=\/wp\/v2\/posts\/5366\/revisions\/5367"}],"wp:attachment":[{"href":"https:\/\/mitue.de\/index.php?rest_route=%2Fwp%2Fv2%2Fmedia&parent=5366"}],"wp:term":[{"taxonomy":"category","embeddable":true,"href":"https:\/\/mitue.de\/index.php?rest_route=%2Fwp%2Fv2%2Fcategories&post=5366"},{"taxonomy":"post_tag","embeddable":true,"href":"https:\/\/mitue.de\/index.php?rest_route=%2Fwp%2Fv2%2Ftags&post=5366"}],"curies":[{"name":"wp","href":"https:\/\/api.w.org\/{rel}","templated":true}]}}