{"id":5402,"date":"2016-07-29T09:53:45","date_gmt":"2016-07-29T08:53:45","guid":{"rendered":"http:\/\/mitue.de\/?p=5402"},"modified":"2016-07-29T09:55:04","modified_gmt":"2016-07-29T08:55:04","slug":"die-ildefonso-junglinge-in-potsdam","status":"publish","type":"post","link":"https:\/\/mitue.de\/?p=5402","title":{"rendered":"Die Ildefonso-J\u00fcnglinge in Potsdam"},"content":{"rendered":"<p align=\"justify\">Der Palacio Real La Granja de San Ildefonso, eine ehemalige Sommerresidenz spanischer K\u00f6nige, liegt in San Ildefonso in der Region Segovia. Von 1724 bis 1839 befand sich im dortigen Schlossgarten eine antike Marmorgruppe von zwei J\u00fcnglingen aus der Zeit Hadrians. Das Original der sogenannten Ildefonso-Gruppe befindet sich heute im Prado in Madrid.<br \/>\nIn Potsdam steht in der N\u00e4he von Schloss Charlottenhof eine Marmorkopie von <a href=\"http:\/\/www.antinoos.info\/copies2.htm\">Francesco Menghi<\/a> aus dem Jahre 1837. <\/p>\n<p><a href=\"https:\/\/www.flickr.com\/photos\/mitue\/27994799533\/in\/dateposted\/\" title=\"Spaz038 38\"><img loading=\"lazy\" decoding=\"async\" src=\"https:\/\/c6.staticflickr.com\/9\/8736\/27994799533_c4d415a66f.jpg\" width=\"500\" height=\"333\" alt=\"Spaz038 38\"><\/a><\/p>\n<p><a href=\"https:\/\/www.flickr.com\/photos\/mitue\/28532473941\/in\/photostream\/\" title=\"Spaz038 39\"><img loading=\"lazy\" decoding=\"async\" src=\"https:\/\/c6.staticflickr.com\/9\/8561\/28532473941_85c7c0092f.jpg\" width=\"500\" height=\"333\" alt=\"Spaz038 39\"><\/a><\/p>\n<blockquote><p>Nach Johann Joachim Winckelmann stellt das Doppelbildnis Orestes und Pylades dar, nach Gotthold Ephraim Lessing die Personifikationen von Schlaf und Tod, Hypnos und Thanatos, und nach Ennio Quirino Visconti den auf seinen Todesd\u00e4mon sich lehnenden <a href=\"https:\/\/de.wikipedia.org\/wiki\/Antinoos\">Antinoos<\/a>. Letztere Interpretation mag davon beeinflusst gewesen sein, dass der urspr\u00fcnglich kopflos \u00fcberlieferte linke J\u00fcngling durch den Bildhauer und Restaurator Ippolito Buzzi 1623 unter Verwendung eines gleichfalls antiken Portr\u00e4tkopfs des Antinoos vervollst\u00e4ndigt worden war. Auch als Corydon und Alexis wurde die Gruppe gedeutet. Heute wird allgemein angenommen, dass es sich bei dem J\u00fcnglingspaar um die sogenannten Dioskuren Castor und Pollux handelt; ihre genaue ikonographische Identit\u00e4t bleibt jedoch weiter ungekl\u00e4rt.<br \/>\n(<a href=\"https:\/\/de.wikipedia.org\/wiki\/Ildefonso-Gruppe\">Wikipedia<\/a>)<\/p><\/blockquote>\n","protected":false},"excerpt":{"rendered":"<p>Der Palacio Real La Granja de San Ildefonso, eine ehemalige Sommerresidenz spanischer K\u00f6nige, liegt in San Ildefonso in der Region Segovia. Von 1724 bis 1839 befand sich im dortigen Schlossgarten eine antike Marmorgruppe von zwei J\u00fcnglingen aus der Zeit Hadrians. Das Original der sogenannten Ildefonso-Gruppe befindet sich heute im Prado in Madrid. In Potsdam steht [&hellip;]<\/p>\n","protected":false},"author":1,"featured_media":0,"comment_status":"open","ping_status":"closed","sticky":false,"template":"","format":"standard","meta":{"footnotes":""},"categories":[27],"tags":[79],"class_list":["post-5402","post","type-post","status-publish","format-standard","hentry","category-berliner-umgebung","tag-potsdam"],"_links":{"self":[{"href":"https:\/\/mitue.de\/index.php?rest_route=\/wp\/v2\/posts\/5402","targetHints":{"allow":["GET"]}}],"collection":[{"href":"https:\/\/mitue.de\/index.php?rest_route=\/wp\/v2\/posts"}],"about":[{"href":"https:\/\/mitue.de\/index.php?rest_route=\/wp\/v2\/types\/post"}],"author":[{"embeddable":true,"href":"https:\/\/mitue.de\/index.php?rest_route=\/wp\/v2\/users\/1"}],"replies":[{"embeddable":true,"href":"https:\/\/mitue.de\/index.php?rest_route=%2Fwp%2Fv2%2Fcomments&post=5402"}],"version-history":[{"count":2,"href":"https:\/\/mitue.de\/index.php?rest_route=\/wp\/v2\/posts\/5402\/revisions"}],"predecessor-version":[{"id":5404,"href":"https:\/\/mitue.de\/index.php?rest_route=\/wp\/v2\/posts\/5402\/revisions\/5404"}],"wp:attachment":[{"href":"https:\/\/mitue.de\/index.php?rest_route=%2Fwp%2Fv2%2Fmedia&parent=5402"}],"wp:term":[{"taxonomy":"category","embeddable":true,"href":"https:\/\/mitue.de\/index.php?rest_route=%2Fwp%2Fv2%2Fcategories&post=5402"},{"taxonomy":"post_tag","embeddable":true,"href":"https:\/\/mitue.de\/index.php?rest_route=%2Fwp%2Fv2%2Ftags&post=5402"}],"curies":[{"name":"wp","href":"https:\/\/api.w.org\/{rel}","templated":true}]}}