{"id":5414,"date":"2016-08-02T10:55:59","date_gmt":"2016-08-02T09:55:59","guid":{"rendered":"http:\/\/mitue.de\/?p=5414"},"modified":"2016-08-02T10:55:59","modified_gmt":"2016-08-02T09:55:59","slug":"bb9-4-the-feuerle-collection","status":"publish","type":"post","link":"https:\/\/mitue.de\/?p=5414","title":{"rendered":"BB9 (4) &#8211; The Feuerle Collection"},"content":{"rendered":"<p><a href=\"https:\/\/www.flickr.com\/photos\/mitue\/28432749180\/in\/dateposted\/\" title=\"BB9 Feuerle 1\"><img loading=\"lazy\" decoding=\"async\" src=\"https:\/\/c5.staticflickr.com\/9\/8835\/28432749180_905c685002.jpg\" width=\"500\" height=\"375\" alt=\"BB9 Feuerle 1\"><\/a><\/p>\n<p align=\"left\">Ausstellungsort: <a href=\"http:\/\/thefeuerlecollection.org\/\">The Feuerle Collection<\/a><\/p>\n<p><a href=\"https:\/\/www.flickr.com\/photos\/mitue\/28099706244\/in\/dateposted\/\" title=\"BB9 Feuerle 3\"><img loading=\"lazy\" decoding=\"async\" src=\"https:\/\/c5.staticflickr.com\/9\/8393\/28099706244_5c01327c0a.jpg\" width=\"500\" height=\"333\" alt=\"BB9 Feuerle 3\"><\/a><\/p>\n<p align=\"left\"><a href=\"http:\/\/www.art-magazin.de\/kunst\/16130-rtkl-9-berlin-biennale-2016-highlights-eine-ueberdosis-gegenwart\">Eine \u00dcberdosis Gegenwart<\/a><br \/>\nDiese Biennale ist eines mit Sicherheit: anders. Im Gegensatz zu ihren Vorg\u00e4ngern macht sie sich f\u00fcr eine ganz bestimmte \u00c4sthetik stark, die sich durch s\u00e4mtliche Ausstellungsorte zieht. Es ist eine \u00c4sthetik, die die M\u00f6glichkeiten einer digitalen und vernetzten Zukunft hemmungslos bejaht \u2013 und die althergebrachten Formen k\u00fcnstlerischer Kritik ziemlich alt aussehen l\u00e4sst.<\/p>\n","protected":false},"excerpt":{"rendered":"<p>Ausstellungsort: The Feuerle Collection Eine \u00dcberdosis Gegenwart Diese Biennale ist eines mit Sicherheit: anders. Im Gegensatz zu ihren Vorg\u00e4ngern macht sie sich f\u00fcr eine ganz bestimmte \u00c4sthetik stark, die sich durch s\u00e4mtliche Ausstellungsorte zieht. Es ist eine \u00c4sthetik, die die M\u00f6glichkeiten einer digitalen und vernetzten Zukunft hemmungslos bejaht \u2013 und die althergebrachten Formen k\u00fcnstlerischer Kritik [&hellip;]<\/p>\n","protected":false},"author":1,"featured_media":0,"comment_status":"open","ping_status":"closed","sticky":false,"template":"","format":"standard","meta":{"footnotes":""},"categories":[5],"tags":[37],"class_list":["post-5414","post","type-post","status-publish","format-standard","hentry","category-ausstellungen","tag-berlin-biennale"],"_links":{"self":[{"href":"https:\/\/mitue.de\/index.php?rest_route=\/wp\/v2\/posts\/5414","targetHints":{"allow":["GET"]}}],"collection":[{"href":"https:\/\/mitue.de\/index.php?rest_route=\/wp\/v2\/posts"}],"about":[{"href":"https:\/\/mitue.de\/index.php?rest_route=\/wp\/v2\/types\/post"}],"author":[{"embeddable":true,"href":"https:\/\/mitue.de\/index.php?rest_route=\/wp\/v2\/users\/1"}],"replies":[{"embeddable":true,"href":"https:\/\/mitue.de\/index.php?rest_route=%2Fwp%2Fv2%2Fcomments&post=5414"}],"version-history":[{"count":1,"href":"https:\/\/mitue.de\/index.php?rest_route=\/wp\/v2\/posts\/5414\/revisions"}],"predecessor-version":[{"id":5415,"href":"https:\/\/mitue.de\/index.php?rest_route=\/wp\/v2\/posts\/5414\/revisions\/5415"}],"wp:attachment":[{"href":"https:\/\/mitue.de\/index.php?rest_route=%2Fwp%2Fv2%2Fmedia&parent=5414"}],"wp:term":[{"taxonomy":"category","embeddable":true,"href":"https:\/\/mitue.de\/index.php?rest_route=%2Fwp%2Fv2%2Fcategories&post=5414"},{"taxonomy":"post_tag","embeddable":true,"href":"https:\/\/mitue.de\/index.php?rest_route=%2Fwp%2Fv2%2Ftags&post=5414"}],"curies":[{"name":"wp","href":"https:\/\/api.w.org\/{rel}","templated":true}]}}