{"id":5417,"date":"2016-08-04T18:46:45","date_gmt":"2016-08-04T17:46:45","guid":{"rendered":"http:\/\/mitue.de\/?p=5417"},"modified":"2016-08-04T18:46:45","modified_gmt":"2016-08-04T17:46:45","slug":"im-haus-am-lutzowplatz","status":"publish","type":"post","link":"https:\/\/mitue.de\/?p=5417","title":{"rendered":"Im Haus am L\u00fctzowplatz"},"content":{"rendered":"<p align=\"justify\"><a href=\"http:\/\/www.berliner-zeitung.de\/kultur\/kunst\/ausstellung-haus-am-luetzowplatz-zeigt-rueckwaertsgewandte-kunst-24440454\">Der feine Riss<\/a><br \/>\nZeitgen\u00f6ssische Malerei auf dem historischen Feld<\/p>\n<p><a href=\"https:\/\/www.flickr.com\/photos\/mitue\/28766106105\/in\/dateposted\/\" title=\"HaL 1\"><img loading=\"lazy\" decoding=\"async\" src=\"https:\/\/c2.staticflickr.com\/8\/7763\/28766106105_71cff8b43d.jpg\" width=\"500\" height=\"354\" alt=\"HaL 1\"><\/a><\/p>\n<p><a href=\"https:\/\/www.flickr.com\/photos\/mitue\/28660894892\/in\/dateposted\/\" title=\"HaL 2\"><img loading=\"lazy\" decoding=\"async\" src=\"https:\/\/c5.staticflickr.com\/9\/8851\/28660894892_c7e5426337.jpg\" width=\"500\" height=\"500\" alt=\"HaL 2\"><\/a><\/p>\n<p align=\"left\">&#8230; und in der Studiogalerie<br \/>\nSpace a place (F\u00fcnf K\u00fcnstler aus Wroclaw, siehe auch die <a href=\"http:\/\/mitue.de\/?tag=breslau\">Breslauer Spazierg\u00e4nge<\/a>)<\/p>\n<p><a href=\"https:\/\/www.flickr.com\/photos\/mitue\/28766097015\/in\/dateposted\/\" title=\"Flugbahn einer Fliege\"><img loading=\"lazy\" decoding=\"async\" src=\"https:\/\/c8.staticflickr.com\/9\/8625\/28766097015_d7647a4779.jpg\" width=\"500\" height=\"396\" alt=\"Flugbahn einer Fliege\"><\/a><\/p>\n<blockquote><p>Raum k\u00f6nnte man abstrakt erfassen, als etwas, das sehr schwer in Worte zu fassen ist. So wie in der Installation von Olaf Brzeski: Mit Draht markiert der K\u00fcnstler die Flugbahn einer Fliege. Die Bewegung dieses sehr kleinen aber gleichzeitig sehr l\u00e4stigen Lebewesens wird zu einer festen physischen Form, und dadurch noch l\u00e4stiger. Sie h\u00e4ngt als unlogische Gestalt im Galerieraum, ist dynamisch und beunruhigend, so wie eine dunkle Wolke unserer eigenen Gedanken.<br \/>\n(mehr <a href=\"http:\/\/www.hal-berlin.de\/ausstellung\/space-as-a-place\/\">hier<\/a>)  <\/p><\/blockquote>\n","protected":false},"excerpt":{"rendered":"<p>Der feine Riss Zeitgen\u00f6ssische Malerei auf dem historischen Feld &#8230; und in der Studiogalerie Space a place (F\u00fcnf K\u00fcnstler aus Wroclaw, siehe auch die Breslauer Spazierg\u00e4nge) Raum k\u00f6nnte man abstrakt erfassen, als etwas, das sehr schwer in Worte zu fassen ist. So wie in der Installation von Olaf Brzeski: Mit Draht markiert der K\u00fcnstler die [&hellip;]<\/p>\n","protected":false},"author":1,"featured_media":0,"comment_status":"open","ping_status":"closed","sticky":false,"template":"","format":"standard","meta":{"footnotes":""},"categories":[5],"tags":[618],"class_list":["post-5417","post","type-post","status-publish","format-standard","hentry","category-ausstellungen","tag-haus-am-lutzowplatz"],"_links":{"self":[{"href":"https:\/\/mitue.de\/index.php?rest_route=\/wp\/v2\/posts\/5417","targetHints":{"allow":["GET"]}}],"collection":[{"href":"https:\/\/mitue.de\/index.php?rest_route=\/wp\/v2\/posts"}],"about":[{"href":"https:\/\/mitue.de\/index.php?rest_route=\/wp\/v2\/types\/post"}],"author":[{"embeddable":true,"href":"https:\/\/mitue.de\/index.php?rest_route=\/wp\/v2\/users\/1"}],"replies":[{"embeddable":true,"href":"https:\/\/mitue.de\/index.php?rest_route=%2Fwp%2Fv2%2Fcomments&post=5417"}],"version-history":[{"count":1,"href":"https:\/\/mitue.de\/index.php?rest_route=\/wp\/v2\/posts\/5417\/revisions"}],"predecessor-version":[{"id":5418,"href":"https:\/\/mitue.de\/index.php?rest_route=\/wp\/v2\/posts\/5417\/revisions\/5418"}],"wp:attachment":[{"href":"https:\/\/mitue.de\/index.php?rest_route=%2Fwp%2Fv2%2Fmedia&parent=5417"}],"wp:term":[{"taxonomy":"category","embeddable":true,"href":"https:\/\/mitue.de\/index.php?rest_route=%2Fwp%2Fv2%2Fcategories&post=5417"},{"taxonomy":"post_tag","embeddable":true,"href":"https:\/\/mitue.de\/index.php?rest_route=%2Fwp%2Fv2%2Ftags&post=5417"}],"curies":[{"name":"wp","href":"https:\/\/api.w.org\/{rel}","templated":true}]}}