{"id":5421,"date":"2016-08-06T18:05:17","date_gmt":"2016-08-06T17:05:17","guid":{"rendered":"http:\/\/mitue.de\/?p=5421"},"modified":"2016-08-06T18:05:17","modified_gmt":"2016-08-06T17:05:17","slug":"kommunale-galerien-in-berlin-5","status":"publish","type":"post","link":"https:\/\/mitue.de\/?p=5421","title":{"rendered":"Kommunale Galerien in Berlin (5)"},"content":{"rendered":"<p align=\"left\"><a href=\"http:\/\/www.kulturamt-friedrichshain-kreuzberg.de\/galerie-im-turm\/\">Galerie im Turm<\/a><\/p>\n<blockquote><p>Die GALERIE IM TURM wurde 1965 als Ausstellungsort des VBKD (Verband Bildender K\u00fcnstler der DDR) gegr\u00fcndet, und befindet sich seit 50 Jahren im Erdgeschoss des von Henselmann entworfenen Nordturms am Frankfurter Tor. Heute zeigt sie als kommunale Galerie des Bezirkes Friedrichshain-Kreuzberg zeitgen\u00f6ssische Kunst, mit dem Schwerpunkt auf Einzelausstellungen in Berlin lebender K\u00fcnstlerInnen.<\/p><\/blockquote>\n<p><a href=\"https:\/\/www.flickr.com\/photos\/mitue\/28700581672\/in\/dateposted\/\" title=\"Bierfest\"><img loading=\"lazy\" decoding=\"async\" src=\"https:\/\/c1.staticflickr.com\/9\/8805\/28700581672_008452325e.jpg\" width=\"500\" height=\"341\" alt=\"Bierfest\"><\/a><\/p>\n<p align=\"justify\">Es war diesmal nicht leicht, bis zur Galerie durchzudringen: Bierfest in der Karl-Marx-Allee. <\/p>\n<p align=\"left\"><a href=\"http:\/\/galerie-im-turm.net\/turm-turm-turm\/\">Die Galerie in drei Kapiteln<\/a><\/p>\n<p><a href=\"https:\/\/www.flickr.com\/photos\/mitue\/28728708461\/in\/dateposted\/\" title=\"Formen\"><img loading=\"lazy\" decoding=\"async\" src=\"https:\/\/c6.staticflickr.com\/9\/8714\/28728708461_19e1832122.jpg\" width=\"500\" height=\"368\" alt=\"Formen\"><\/a><\/p>\n<blockquote><p>Kapitel 1: <a href=\"http:\/\/galerie-im-turm.net\/formen\/\">FORMEN<\/a><br \/>\nF\u00fcr \u00dcBERRESTE betritt Stephanie Keitz den Keller der Galerie im Turm \u2013 ein Ort, der als U-Bahn Eingang geplant wurde, aber immer Theorie blieb. Sie erstellt Abdr\u00fccke der vorgefundenen W\u00e4nde und Objekte. Die transluziden Latexh\u00e4ute und Abbildungen werden in der Galerie zu einem neuen Raum zusammengesetzt.<\/p><\/blockquote>\n<p><a href=\"https:\/\/www.flickr.com\/photos\/mitue\/28521535660\/in\/dateposted\/\" title=\"Erfahren\"><img loading=\"lazy\" decoding=\"async\" src=\"https:\/\/c5.staticflickr.com\/8\/7495\/28521535660_87ab76ceff.jpg\" width=\"500\" height=\"500\" alt=\"Erfahren\"><\/a><\/p>\n<blockquote><p>Kapitel 2: <a href=\"http:\/\/galerie-im-turm.net\/formen-2\/\">ERFAHREN<\/a><br \/>\n HUG, TUCK, FOLD, PACK ist eine raumgreifende Installation aus Textilien und Objekten, die durch ein Schlafritual transformiert wird. Eine Gruppe Besucher ist eingeladen, eine Nacht in der GALERIE IM TURM zu verbringen. Der Abdruck der K\u00f6rper verbleibt im B\u00fchnenbild, komprimiert zu einer Skulptur. K\u00f6rper wird zu Material, Material wird (Erfahrungs-)Raum.<\/p><\/blockquote>\n<p><a href=\"https:\/\/www.flickr.com\/photos\/mitue\/28728700361\/in\/photostream\/\" title=\"Verfassen\"><img loading=\"lazy\" decoding=\"async\" src=\"https:\/\/c2.staticflickr.com\/8\/7517\/28728700361_dbe23177cf.jpg\" width=\"500\" height=\"331\" alt=\"Verfassen\"><\/a><\/p>\n<blockquote><p>Kapitel 3: <a href=\"http:\/\/galerie-im-turm.net\/kgb-kunstwuche-2\/\">VERFASSEN<\/a><br \/>\nLola G\u00f6ller erzeugt mit der Installation und den Aktionen zu KOMPOSITA AK PK 16 eine Korrelation von Erinnerung und \u00d6ffentlichkeit, von Schrift und Ton. Der Besucher wird in ein System eingeladen, in dem B\u00fcrokratie und sein kommunikatives Vorgehen Teil der Ausstellung werden.<\/p><\/blockquote>\n","protected":false},"excerpt":{"rendered":"<p>Galerie im Turm Die GALERIE IM TURM wurde 1965 als Ausstellungsort des VBKD (Verband Bildender K\u00fcnstler der DDR) gegr\u00fcndet, und befindet sich seit 50 Jahren im Erdgeschoss des von Henselmann entworfenen Nordturms am Frankfurter Tor. Heute zeigt sie als kommunale Galerie des Bezirkes Friedrichshain-Kreuzberg zeitgen\u00f6ssische Kunst, mit dem Schwerpunkt auf Einzelausstellungen in Berlin lebender K\u00fcnstlerInnen. [&hellip;]<\/p>\n","protected":false},"author":1,"featured_media":0,"comment_status":"open","ping_status":"closed","sticky":false,"template":"","format":"standard","meta":{"footnotes":""},"categories":[5],"tags":[638],"class_list":["post-5421","post","type-post","status-publish","format-standard","hentry","category-ausstellungen","tag-kommunale-galerie"],"_links":{"self":[{"href":"https:\/\/mitue.de\/index.php?rest_route=\/wp\/v2\/posts\/5421","targetHints":{"allow":["GET"]}}],"collection":[{"href":"https:\/\/mitue.de\/index.php?rest_route=\/wp\/v2\/posts"}],"about":[{"href":"https:\/\/mitue.de\/index.php?rest_route=\/wp\/v2\/types\/post"}],"author":[{"embeddable":true,"href":"https:\/\/mitue.de\/index.php?rest_route=\/wp\/v2\/users\/1"}],"replies":[{"embeddable":true,"href":"https:\/\/mitue.de\/index.php?rest_route=%2Fwp%2Fv2%2Fcomments&post=5421"}],"version-history":[{"count":1,"href":"https:\/\/mitue.de\/index.php?rest_route=\/wp\/v2\/posts\/5421\/revisions"}],"predecessor-version":[{"id":5422,"href":"https:\/\/mitue.de\/index.php?rest_route=\/wp\/v2\/posts\/5421\/revisions\/5422"}],"wp:attachment":[{"href":"https:\/\/mitue.de\/index.php?rest_route=%2Fwp%2Fv2%2Fmedia&parent=5421"}],"wp:term":[{"taxonomy":"category","embeddable":true,"href":"https:\/\/mitue.de\/index.php?rest_route=%2Fwp%2Fv2%2Fcategories&post=5421"},{"taxonomy":"post_tag","embeddable":true,"href":"https:\/\/mitue.de\/index.php?rest_route=%2Fwp%2Fv2%2Ftags&post=5421"}],"curies":[{"name":"wp","href":"https:\/\/api.w.org\/{rel}","templated":true}]}}