{"id":5513,"date":"2016-10-02T17:22:13","date_gmt":"2016-10-02T16:22:13","guid":{"rendered":"http:\/\/mitue.de\/?p=5513"},"modified":"2016-10-02T17:47:33","modified_gmt":"2016-10-02T16:47:33","slug":"gasag-kunstpreis-2016","status":"publish","type":"post","link":"https:\/\/mitue.de\/?p=5513","title":{"rendered":"GASAG Kunstpreis 2016"},"content":{"rendered":"<p><a href=\"https:\/\/www.flickr.com\/photos\/mitue\/30014732396\/in\/dateposted\/\" title=\"Im Atelier 2\"><img loading=\"lazy\" decoding=\"async\" src=\"https:\/\/c5.staticflickr.com\/6\/5105\/30014732396_c479dc3e4c.jpg\" width=\"500\" height=\"338\" alt=\"Im Atelier 2\"><\/a><br \/>\nAndreas Greiner zeigt in seinem Atelier in der Malzfabrik das Portraitfoto von Heinrich<\/p>\n<blockquote><p>Mit der Entwicklung der lebenden Skulptur <i>Heinrich<\/i> (2015\/16) unterbricht Andreas Greiner exemplarisch die Kette industrieller Fleischproduktion und stellt an einem einzelnen Tier die Identit\u00e4t des Individuums wieder her. Andreas Greiner beschreibt die Arbeit im Katalog der <a href=\"http:\/\/www.berlinischegalerie.de\/ausstellungen-berlin\/aktuell\/andreasgreiner\/\">Ausstellung &#8222;Agentur des Exponenten&#8220; in der Berlinischen Galerie<\/a> folgenderma\u00dfen: &#8222;Heinrich entstammt einem Gro\u00dfmastbetrieb nordwestlich von Berlin in der Uckermark. Als letzter Masthahn seiner Saison wurde er im Oktober 2015 gekauft und anschlie\u00dfend als lebende Skulptur in die Obhut eines Kleintierbauernhofs in Berlin Tempelhof \u00fcbergeben. Dort verstarb er am 18. Januar 2016. Sein Alter \u00fcberschritt das Schlachtalter eines durchschnittlichen Masthahns um ein Vielfaches. Verglichen mit einem nicht-hybriden Hahn verblieb es dennoch kurz.&#8220; <\/p><\/blockquote>\n<p><a href=\"https:\/\/www.flickr.com\/photos\/mitue\/30066919395\/in\/dateposted\/\" title=\"Heinrich\"><img loading=\"lazy\" decoding=\"async\" src=\"https:\/\/c4.staticflickr.com\/9\/8640\/30066919395_c4f769c884.jpg\" width=\"381\" height=\"500\" alt=\"Heinrich\"><\/a><\/p>\n<p align=\"justify\">Der <a href=\"https:\/\/www.gasag.de\/unternehmen\/fuer-berlin\/engagement\/kultur\/gasag-kunstpreis\/seiten\/default.aspx\">GASAG Kunstpreis 2016<\/a> geht an <a href=\"http:\/\/www.andreasgreiner.com\/\">Andreas Greiner<\/a>. <\/p>\n<p><a href=\"https:\/\/www.flickr.com\/photos\/mitue\/30066700935\/in\/dateposted\/\" title=\"GASAG Kunstpreis 2016\"><img loading=\"lazy\" decoding=\"async\" src=\"https:\/\/c8.staticflickr.com\/6\/5075\/30066700935_e1460e34e1.jpg\" width=\"500\" height=\"374\" alt=\"GASAG Kunstpreis 2016\"><\/a><\/p>\n<p align=\"justify\">Greiners Arbeit &#8222;Der freie Grundriss&#8220; von 2014 in der Nationalgalerie als Teil der <a href=\"http:\/\/mitue.de\/?p=4394\">tempor\u00e4ren Bespielung<\/a> durch David Chipperfield habe ich damals \u00fcbersehen. Greiner hatte eine verpuppte Fliegenlarve in einen der Baumst\u00e4mme eingesetzt und den Leiter der Neuen Nationalgalerie vertraglich dazu verpflichtet, die Fliege als lebendes Kunstwerk zu respektieren und f\u00fcr ihr Wohlergehen zu sorgen.<\/p>\n<p><a href=\"https:\/\/www.flickr.com\/photos\/mitue\/15690998511\/in\/photolist-pUytc6-oXWMVY-oXZL2R-pUJdje-oXWRF3-pCiQQR-pSCVDU-pCmrb9-oX4ghW-oY1nue-pCmzY9-pCmvaw-pCnpuk-oY13i8-pUJoPH-jGkwzZ-jGnywd-fMrquW-fMa2mP-fMa59Z-fMa16V-fMa7Aa-fMrtDN-dyvCz6-drHwue-dqyQqv-drHFwC-dqx33v-drHFF9-ao1RpN-ao1GMh-anY47c-ao1Gqw-anXU48-ao1HiN-8ZoXVB-8MXccr-7DvPN6-7DzCaN-7Lp1Fg-7DvPzK-6yk1Vw-6hkdkE-6hg3iv-6gmZJK-6gH6FK-6gMh11-5RqTTy-5RhSaS-54N62m\" title=\"NG11\"><img loading=\"lazy\" decoding=\"async\" src=\"https:\/\/c8.staticflickr.com\/4\/3955\/15690998511_bc8248fdcd.jpg\" width=\"500\" height=\"333\" alt=\"NG11\"><\/a><\/p>\n","protected":false},"excerpt":{"rendered":"<p>Andreas Greiner zeigt in seinem Atelier in der Malzfabrik das Portraitfoto von Heinrich Mit der Entwicklung der lebenden Skulptur Heinrich (2015\/16) unterbricht Andreas Greiner exemplarisch die Kette industrieller Fleischproduktion und stellt an einem einzelnen Tier die Identit\u00e4t des Individuums wieder her. Andreas Greiner beschreibt die Arbeit im Katalog der Ausstellung &#8222;Agentur des Exponenten&#8220; in der [&hellip;]<\/p>\n","protected":false},"author":1,"featured_media":0,"comment_status":"open","ping_status":"closed","sticky":false,"template":"","format":"standard","meta":{"footnotes":""},"categories":[5],"tags":[20,83],"class_list":["post-5513","post","type-post","status-publish","format-standard","hentry","category-ausstellungen","tag-berlinische-galerie","tag-atelierbesuch"],"_links":{"self":[{"href":"https:\/\/mitue.de\/index.php?rest_route=\/wp\/v2\/posts\/5513","targetHints":{"allow":["GET"]}}],"collection":[{"href":"https:\/\/mitue.de\/index.php?rest_route=\/wp\/v2\/posts"}],"about":[{"href":"https:\/\/mitue.de\/index.php?rest_route=\/wp\/v2\/types\/post"}],"author":[{"embeddable":true,"href":"https:\/\/mitue.de\/index.php?rest_route=\/wp\/v2\/users\/1"}],"replies":[{"embeddable":true,"href":"https:\/\/mitue.de\/index.php?rest_route=%2Fwp%2Fv2%2Fcomments&post=5513"}],"version-history":[{"count":2,"href":"https:\/\/mitue.de\/index.php?rest_route=\/wp\/v2\/posts\/5513\/revisions"}],"predecessor-version":[{"id":5517,"href":"https:\/\/mitue.de\/index.php?rest_route=\/wp\/v2\/posts\/5513\/revisions\/5517"}],"wp:attachment":[{"href":"https:\/\/mitue.de\/index.php?rest_route=%2Fwp%2Fv2%2Fmedia&parent=5513"}],"wp:term":[{"taxonomy":"category","embeddable":true,"href":"https:\/\/mitue.de\/index.php?rest_route=%2Fwp%2Fv2%2Fcategories&post=5513"},{"taxonomy":"post_tag","embeddable":true,"href":"https:\/\/mitue.de\/index.php?rest_route=%2Fwp%2Fv2%2Ftags&post=5513"}],"curies":[{"name":"wp","href":"https:\/\/api.w.org\/{rel}","templated":true}]}}