{"id":5527,"date":"2016-10-09T17:30:40","date_gmt":"2016-10-09T16:30:40","guid":{"rendered":"http:\/\/mitue.de\/?p=5527"},"modified":"2016-10-09T17:33:02","modified_gmt":"2016-10-09T16:33:02","slug":"emop-2016-2","status":"publish","type":"post","link":"https:\/\/mitue.de\/?p=5527","title":{"rendered":"EMOP 2016 (2)"},"content":{"rendered":"<p align=\"justify\">Berlin Prenzlauer Berg 1969 &#8211; 1980<br \/>\nFotografien von <a href=\"https:\/\/de.wikipedia.org\/wiki\/Bernd_Heyden\">Bernd Heyden<\/a> im Willy-Brandt-Haus <\/p>\n<p><a href=\"https:\/\/www.flickr.com\/photos\/mitue\/29586023074\/in\/dateposted\/\" title=\"WBH 2\"><img loading=\"lazy\" decoding=\"async\" src=\"https:\/\/c3.staticflickr.com\/6\/5594\/29586023074_20dfb66832.jpg\" width=\"497\" height=\"500\" alt=\"WBH 2\"><\/a><\/p>\n<p align=\"justify\">Erstmals seit langem gibt es eine gr\u00f6\u00dfere Ausstellung \u00fcber den Fotografen Bernd Heyden. Er arbeitete und lebte im Prenzlauer Berg.<br \/>\n(mehr hier im <a href=\"http:\/\/www.tagesspiegel.de\/berlin\/fotoausstellung-im-willy-brandt-haus-dit-war-sein-prenzlauer-berg\/14581128.html\">Tagesspiegel<\/a>)<\/p>\n<p><a href=\"https:\/\/www.flickr.com\/photos\/mitue\/29919682630\/in\/dateposted\/\" title=\"Willy-Brandt-Haus\"><img loading=\"lazy\" decoding=\"async\" src=\"https:\/\/c7.staticflickr.com\/9\/8694\/29919682630_156a44065d.jpg\" width=\"500\" height=\"387\" alt=\"Willy-Brandt-Haus\"><\/a><\/p>\n","protected":false},"excerpt":{"rendered":"<p>Berlin Prenzlauer Berg 1969 &#8211; 1980 Fotografien von Bernd Heyden im Willy-Brandt-Haus Erstmals seit langem gibt es eine gr\u00f6\u00dfere Ausstellung \u00fcber den Fotografen Bernd Heyden. Er arbeitete und lebte im Prenzlauer Berg. (mehr hier im Tagesspiegel)<\/p>\n","protected":false},"author":1,"featured_media":0,"comment_status":"open","ping_status":"closed","sticky":false,"template":"","format":"standard","meta":{"footnotes":""},"categories":[5],"tags":[],"class_list":["post-5527","post","type-post","status-publish","format-standard","hentry","category-ausstellungen"],"_links":{"self":[{"href":"https:\/\/mitue.de\/index.php?rest_route=\/wp\/v2\/posts\/5527","targetHints":{"allow":["GET"]}}],"collection":[{"href":"https:\/\/mitue.de\/index.php?rest_route=\/wp\/v2\/posts"}],"about":[{"href":"https:\/\/mitue.de\/index.php?rest_route=\/wp\/v2\/types\/post"}],"author":[{"embeddable":true,"href":"https:\/\/mitue.de\/index.php?rest_route=\/wp\/v2\/users\/1"}],"replies":[{"embeddable":true,"href":"https:\/\/mitue.de\/index.php?rest_route=%2Fwp%2Fv2%2Fcomments&post=5527"}],"version-history":[{"count":2,"href":"https:\/\/mitue.de\/index.php?rest_route=\/wp\/v2\/posts\/5527\/revisions"}],"predecessor-version":[{"id":5529,"href":"https:\/\/mitue.de\/index.php?rest_route=\/wp\/v2\/posts\/5527\/revisions\/5529"}],"wp:attachment":[{"href":"https:\/\/mitue.de\/index.php?rest_route=%2Fwp%2Fv2%2Fmedia&parent=5527"}],"wp:term":[{"taxonomy":"category","embeddable":true,"href":"https:\/\/mitue.de\/index.php?rest_route=%2Fwp%2Fv2%2Fcategories&post=5527"},{"taxonomy":"post_tag","embeddable":true,"href":"https:\/\/mitue.de\/index.php?rest_route=%2Fwp%2Fv2%2Ftags&post=5527"}],"curies":[{"name":"wp","href":"https:\/\/api.w.org\/{rel}","templated":true}]}}