{"id":5582,"date":"2016-11-07T18:11:37","date_gmt":"2016-11-07T17:11:37","guid":{"rendered":"http:\/\/mitue.de\/?p=5582"},"modified":"2016-11-07T18:12:34","modified_gmt":"2016-11-07T17:12:34","slug":"kindl-zentrum-fur-zeitgenossische-kunst","status":"publish","type":"post","link":"https:\/\/mitue.de\/?p=5582","title":{"rendered":"KINDL &#8211; Zentrum f\u00fcr zeitgen\u00f6ssische Kunst"},"content":{"rendered":"<p><a href=\"https:\/\/www.flickr.com\/photos\/mitue\/30161328843\/in\/dateposted\/\" title=\"20161105 06\"><img loading=\"lazy\" decoding=\"async\" src=\"https:\/\/c4.staticflickr.com\/6\/5767\/30161328843_572ac97292.jpg\" width=\"500\" height=\"375\" alt=\"20161105 06\"><\/a><\/p>\n<p><a href=\"https:\/\/www.flickr.com\/photos\/mitue\/30161299443\/in\/dateposted\/\" title=\"20161105 18\"><img loading=\"lazy\" decoding=\"async\" src=\"https:\/\/c4.staticflickr.com\/6\/5835\/30161299443_1235526e87.jpg\" width=\"500\" height=\"333\" alt=\"20161105 18\"><\/a><\/p>\n<blockquote><p>Im Jahr 2011 erwarb das deutsch-schweizerische Ehepaar Burkhard Varnholt und Salome Grisard das Geb\u00e4ude-Ensemble der ehemaligen Kindl-Brauerei mit dem Ziel, es f\u00fcr die zeitgen\u00f6ssische Kulturproduktion nutzbar zu machen. Der denkmalgesch\u00fctzte Klinkerbau wurde zwischen 1926 und 1930 in Anlehnung an den deutschen Expressionismus in rotem Backstein errichtet. Es umfasst neben einem sieben-geschossigen Turm ein 20 Meter hohes Kesselhaus, ein drei-geschossiges Maschinenhaus und ein mit sechs kupfernen Pfannen ausgestattetes Sudhaus. Seit Herbst 2012 ist mit der aufw\u00e4ndigen Sanierung des Geb\u00e4udes begonnen worden. Diese beinhaltet auch die Neuerschlie\u00dfung der Ostfassade, die als zuk\u00fcnftiger Eingangsbereich fungieren wird. Als gleicherma\u00dfen historisch-sensible wie architektonisch vorausweisende Setzung entsteht hier eine neue Situation mit Foyer, Au\u00dfentreppe und Sheddach.<br \/>\n(mehr <a href=\"http:\/\/www.kindl-berlin.de\/ueber-uns\/\">hier<\/a>)<\/p><\/blockquote>\n<p><a href=\"https:\/\/www.flickr.com\/photos\/mitue\/30495667230\/in\/dateposted\/\" title=\"20161105 12\"><img loading=\"lazy\" decoding=\"async\" src=\"https:\/\/c7.staticflickr.com\/6\/5549\/30495667230_f1295ab986.jpg\" width=\"500\" height=\"333\" alt=\"20161105 12\"><\/a><br \/>\nBlick von der Au\u00dfentreppe, ganz oben, Richtung Fernsehturm<\/p>\n","protected":false},"excerpt":{"rendered":"<p>Im Jahr 2011 erwarb das deutsch-schweizerische Ehepaar Burkhard Varnholt und Salome Grisard das Geb\u00e4ude-Ensemble der ehemaligen Kindl-Brauerei mit dem Ziel, es f\u00fcr die zeitgen\u00f6ssische Kulturproduktion nutzbar zu machen. Der denkmalgesch\u00fctzte Klinkerbau wurde zwischen 1926 und 1930 in Anlehnung an den deutschen Expressionismus in rotem Backstein errichtet. Es umfasst neben einem sieben-geschossigen Turm ein 20 Meter [&hellip;]<\/p>\n","protected":false},"author":1,"featured_media":0,"comment_status":"open","ping_status":"closed","sticky":false,"template":"","format":"standard","meta":{"footnotes":""},"categories":[5],"tags":[],"class_list":["post-5582","post","type-post","status-publish","format-standard","hentry","category-ausstellungen"],"_links":{"self":[{"href":"https:\/\/mitue.de\/index.php?rest_route=\/wp\/v2\/posts\/5582","targetHints":{"allow":["GET"]}}],"collection":[{"href":"https:\/\/mitue.de\/index.php?rest_route=\/wp\/v2\/posts"}],"about":[{"href":"https:\/\/mitue.de\/index.php?rest_route=\/wp\/v2\/types\/post"}],"author":[{"embeddable":true,"href":"https:\/\/mitue.de\/index.php?rest_route=\/wp\/v2\/users\/1"}],"replies":[{"embeddable":true,"href":"https:\/\/mitue.de\/index.php?rest_route=%2Fwp%2Fv2%2Fcomments&post=5582"}],"version-history":[{"count":2,"href":"https:\/\/mitue.de\/index.php?rest_route=\/wp\/v2\/posts\/5582\/revisions"}],"predecessor-version":[{"id":5584,"href":"https:\/\/mitue.de\/index.php?rest_route=\/wp\/v2\/posts\/5582\/revisions\/5584"}],"wp:attachment":[{"href":"https:\/\/mitue.de\/index.php?rest_route=%2Fwp%2Fv2%2Fmedia&parent=5582"}],"wp:term":[{"taxonomy":"category","embeddable":true,"href":"https:\/\/mitue.de\/index.php?rest_route=%2Fwp%2Fv2%2Fcategories&post=5582"},{"taxonomy":"post_tag","embeddable":true,"href":"https:\/\/mitue.de\/index.php?rest_route=%2Fwp%2Fv2%2Ftags&post=5582"}],"curies":[{"name":"wp","href":"https:\/\/api.w.org\/{rel}","templated":true}]}}