{"id":5592,"date":"2016-11-11T17:31:24","date_gmt":"2016-11-11T16:31:24","guid":{"rendered":"http:\/\/mitue.de\/?p=5592"},"modified":"2016-11-11T17:31:24","modified_gmt":"2016-11-11T16:31:24","slug":"surreale-sachlichkeit","status":"publish","type":"post","link":"https:\/\/mitue.de\/?p=5592","title":{"rendered":"Surreale Sachlichkeit"},"content":{"rendered":"<blockquote><p>&#8222;Surreale Sachlichkeit&#8220; gibt es nicht \u2013 oder doch? Ausgehend von den Werken der Nationalgalerie, die \u00fcber einen reichen Bestand aus der Zeit zwischen den beiden Weltkriegen verf\u00fcgt, wirft die <a href=\"http:\/\/www.smb.museum\/museen-und-einrichtungen\/sammlung-scharf-gerstenberg\/ausstellungen\/detail\/surreale-sachlichkeit-werke-der-1920er-und-1930er-jahre-aus-der-nationalgalerie.html\">Ausstellung<\/a> einen neuen, durch den Surrealismus gesch\u00e4rften Blick auf das Ph\u00e4nomen der Neuen Sachlichkeit. <\/p><\/blockquote>\n<p><a href=\"https:\/\/www.flickr.com\/photos\/mitue\/30880762886\/in\/dateposted\/\" title=\"Surreale Sachlichkeit\"><img loading=\"lazy\" decoding=\"async\" src=\"https:\/\/c7.staticflickr.com\/6\/5328\/30880762886_baa3cda0e4.jpg\" width=\"500\" height=\"333\" alt=\"Surreale Sachlichkeit\"><\/a><\/p>\n<blockquote><p>Auf den ersten Blick wirken die Bilder der neusachlichen Malerei pedantisch aufger\u00e4umt. Doch der tiefere Blick, den die Sammlung Scharf-Gerstenberg erstmals wagt, zeigt: Dahinter liegt etwas Bedrohliches.<br \/>\n(mehr im <a href=\"http:\/\/www.tagesspiegel.de\/kultur\/ausstellung-surreale-sachlichkeit-der-wahn-in-der-ordnung\/14694782.html\">Tagesspiegel<\/a>)<\/p><\/blockquote>\n","protected":false},"excerpt":{"rendered":"<p>&#8222;Surreale Sachlichkeit&#8220; gibt es nicht \u2013 oder doch? Ausgehend von den Werken der Nationalgalerie, die \u00fcber einen reichen Bestand aus der Zeit zwischen den beiden Weltkriegen verf\u00fcgt, wirft die Ausstellung einen neuen, durch den Surrealismus gesch\u00e4rften Blick auf das Ph\u00e4nomen der Neuen Sachlichkeit. Auf den ersten Blick wirken die Bilder der neusachlichen Malerei pedantisch aufger\u00e4umt. [&hellip;]<\/p>\n","protected":false},"author":1,"featured_media":0,"comment_status":"open","ping_status":"closed","sticky":false,"template":"","format":"standard","meta":{"footnotes":""},"categories":[5],"tags":[],"class_list":["post-5592","post","type-post","status-publish","format-standard","hentry","category-ausstellungen"],"_links":{"self":[{"href":"https:\/\/mitue.de\/index.php?rest_route=\/wp\/v2\/posts\/5592","targetHints":{"allow":["GET"]}}],"collection":[{"href":"https:\/\/mitue.de\/index.php?rest_route=\/wp\/v2\/posts"}],"about":[{"href":"https:\/\/mitue.de\/index.php?rest_route=\/wp\/v2\/types\/post"}],"author":[{"embeddable":true,"href":"https:\/\/mitue.de\/index.php?rest_route=\/wp\/v2\/users\/1"}],"replies":[{"embeddable":true,"href":"https:\/\/mitue.de\/index.php?rest_route=%2Fwp%2Fv2%2Fcomments&post=5592"}],"version-history":[{"count":1,"href":"https:\/\/mitue.de\/index.php?rest_route=\/wp\/v2\/posts\/5592\/revisions"}],"predecessor-version":[{"id":5593,"href":"https:\/\/mitue.de\/index.php?rest_route=\/wp\/v2\/posts\/5592\/revisions\/5593"}],"wp:attachment":[{"href":"https:\/\/mitue.de\/index.php?rest_route=%2Fwp%2Fv2%2Fmedia&parent=5592"}],"wp:term":[{"taxonomy":"category","embeddable":true,"href":"https:\/\/mitue.de\/index.php?rest_route=%2Fwp%2Fv2%2Fcategories&post=5592"},{"taxonomy":"post_tag","embeddable":true,"href":"https:\/\/mitue.de\/index.php?rest_route=%2Fwp%2Fv2%2Ftags&post=5592"}],"curies":[{"name":"wp","href":"https:\/\/api.w.org\/{rel}","templated":true}]}}