{"id":5596,"date":"2016-11-13T16:41:58","date_gmt":"2016-11-13T15:41:58","guid":{"rendered":"http:\/\/mitue.de\/?p=5596"},"modified":"2016-11-13T16:41:58","modified_gmt":"2016-11-13T15:41:58","slug":"am-teltowkanal-abschnitt-1","status":"publish","type":"post","link":"https:\/\/mitue.de\/?p=5596","title":{"rendered":"Am Teltowkanal (Abschnitt 1)"},"content":{"rendered":"<p align=\"justify\">Das ist der erste Abschnitt unserer Teltowkanal-Wanderung, <a href=\"https:\/\/www.flickr.com\/search\/?user_id=73114945%40N00&#038;sort=date-taken-desc&#038;text=Abschnitt01%20Teltowkanal&#038;view_all=1\">hier<\/a> sind alle Bilder.<\/p>\n<p><a href=\"https:\/\/www.flickr.com\/photos\/mitue\/30850849471\/in\/dateposted\/\" title=\"Spaz 20161112 Track01\"><img loading=\"lazy\" decoding=\"async\" src=\"https:\/\/c8.staticflickr.com\/6\/5813\/30850849471_eaa9e2d7d9.jpg\" width=\"500\" height=\"287\" alt=\"Spaz 20161112 Track01\"><\/a><\/p>\n<p align=\"justify\">Die Dahme ist aufgeregt, sie hat es bis zur Hauptstadt geschafft. Bevor sie die Spree trifft, erleichtert sie sich in den Teltowkanal.<\/p>\n<p><a href=\"https:\/\/www.flickr.com\/photos\/mitue\/30835391512\/in\/dateposted\/\" title=\"Track 01 01\"><img loading=\"lazy\" decoding=\"async\" src=\"https:\/\/c1.staticflickr.com\/6\/5723\/30835391512_bd062236aa.jpg\" width=\"500\" height=\"333\" alt=\"Track 01 01\"><\/a><\/p>\n<p align=\"justify\">Hier beginnen wir bei bestem Herbstwetter den ersten Abschnitt unserer Jubil\u00e4ums-Wanderung. Nein, keine Gl\u00fcckw\u00fcnsche! Nicht wir feiern ein Wanderjubil\u00e4um, sondern der Teltowkanal ist heuer 110 Jahre alt geworden. Der Kanal ist 38,39 km lang, die durch die Binnenschifffahrtsstra\u00dfen-Ordnung definierte Flie\u00dfrichtung geht von Ost nach West, wir gehen also kanalabw\u00e4rts. Heute schaffen wir die ersten 4 Kilometer. Ob die definierte Flie\u00dfrichtung mit dem nat\u00fcrlichen Fluss \u00fcbereinstimmt, muss ich noch \u00fcberpr\u00fcfen, am besten durch Spucken von einer der vielen Br\u00fccken \u00fcber den Kanal. Die Kilometrierung ist entgegengesetzt der Flie\u00dfrichtung, sie beginnt am \u00f6stlichen Ende der Glienicker Lake bei Potsdam mit km 0,0 und endet bei km 37,84 zwischen Gr\u00fcnau und K\u00f6penick an der Dahme. Los geht&#8217;s! <\/p>\n<p><a href=\"https:\/\/www.flickr.com\/photos\/mitue\/22773288248\/in\/dateposted\/\" title=\"Track 01 12\"><img loading=\"lazy\" decoding=\"async\" src=\"https:\/\/c1.staticflickr.com\/6\/5826\/22773288248_a8bf9257c2.jpg\" width=\"500\" height=\"333\" alt=\"Track 01 12\"><\/a><\/p>\n<p><a href=\"https:\/\/www.flickr.com\/photos\/mitue\/30649995990\/in\/photostream\/\" title=\"Track 01 33\"><img loading=\"lazy\" decoding=\"async\" src=\"https:\/\/c7.staticflickr.com\/6\/5658\/30649995990_924ea85a31.jpg\" width=\"500\" height=\"333\" alt=\"Track 01 33\"><\/a><\/p>\n<p align=\"justify\">In Berlin gibt es nicht viele Geh\u00f6fte mit Totempf\u00e4hlen. 2008 wurde im Hof der amerikanischen Botschaft ein von Ellsworth Kelly entworfener Totempfahl, 13 Meter hoch, 17 Tonnen schwer, aufgestellt. Diesen Pfahl werden wir wohl nie zu sehen bekommen. Nun, an seiner Wirksamkeit kann seit der Wahl von Trump sowieso gezweifelt werden. Ein weiteres, von einem Totempfahl bewachtes Berliner Anwesen haben wir heute an den Ufern des Teltowkanals entdeckt. Ein indianisches Anwesen? oder geh\u00f6rt das Haus dem Wald- und Wiesensch\u00fctzen Brandenburg-Berlin e.V.? Gleich in der N\u00e4he ist n\u00e4mlich eine eingez\u00e4unte Bogensportanlage. Durch den Zaum sehen wir ramponierte Metallv\u00f6gel als Zielobjekte.<\/p>\n<p><a href=\"https:\/\/www.flickr.com\/photos\/mitue\/22773285348\/in\/dateposted\/\" title=\"Track 01 13\"><img loading=\"lazy\" decoding=\"async\" src=\"https:\/\/c5.staticflickr.com\/6\/5505\/22773285348_d171155584.jpg\" width=\"500\" height=\"333\" alt=\"Track 01 13\"><\/a><\/p>\n<p><a href=\"https:\/\/www.flickr.com\/photos\/mitue\/30915746156\/in\/dateposted\/\" title=\"Track 01 21\"><img loading=\"lazy\" decoding=\"async\" src=\"https:\/\/c5.staticflickr.com\/6\/5559\/30915746156_d0a89e0900.jpg\" width=\"500\" height=\"333\" alt=\"Track 01 21\"><\/a><\/p>\n<p align=\"justify\">Auf den ersten wenigen Kilometern gibt es sechs Br\u00fccken. Br\u00fccke Nr. 1 ist am Beginn unserer Wanderung. \u00dcber diese Br\u00fccke musst du geh&#8217;n, wenn du von Gr\u00fcnau nach K\u00f6penick willst. Hier endet auf Gr\u00fcnauer Seite die Regattastra\u00dfe, auf K\u00f6penicker Seite beginnt die Gr\u00fcnauer Stra\u00dfe. Dann geht es immer &#8222;Am Kanal&#8220; am Kanal entlang bis zu Br\u00fccke Nr. 2. \u00dcber diese Br\u00fccke f\u00e4hrt der Pendler aus KW mit der Regionalbahn zur Arbeit bis ins Herz der gro\u00dfen Stadt. Das ist zum Gl\u00fcck f\u00fcr uns vorbei. \u00dcber Br\u00fccke Nr. 3 f\u00fchrt das Adlergestell, gleich daneben Br\u00fccke Nr. 4 mit den S- und Regionalbahngleisen. Ja, seit kurzem f\u00e4hrt wieder eine Regionalbahn auf der Strecke Senftenberg &#8211; Eberswalde mit den uns interessierenden Haltestellen KW, Sch\u00f6neweide, Ostkreuz, Lichtenberg und Hohensch\u00f6nhausen. Die K\u00f6penicker Stra\u00dfe f\u00fchrt \u00fcber Br\u00fccke Nr. 5. Das ist seit ca. 20 Jahren eine Art Behelfsbr\u00fccke, die alte Altglienicker Br\u00fccke ist gesperrt. An der Br\u00fccke Nr. 6 (Wegedornstra\u00dfe) reicht es uns erst einmal f\u00fcr heute. Der Hase, den wir im Gras entdecken, sieht auch nicht mehr ganz frisch aus. <\/p>\n<p><a href=\"https:\/\/www.flickr.com\/photos\/mitue\/30649985240\/in\/dateposted\/\" title=\"Track 01 38\"><img loading=\"lazy\" decoding=\"async\" src=\"https:\/\/c1.staticflickr.com\/6\/5802\/30649985240_ea9514425a.jpg\" width=\"500\" height=\"333\" alt=\"Track 01 38\"><\/a><\/p>\n<p><a href=\"https:\/\/www.flickr.com\/photos\/mitue\/30835315702\/in\/photolist-NYP45b-AGorNW-Ez4YEz-Ez52zx-P2iHCz-AGopJf-Ez518V-AGoujs-NYPpMU-P6Vuyh-Pa864D-NYPrBf-P6VAFs-NYPqvC-NYPoWL-P6VyFW-AGow2L-AGowYA-P2iJBZ-Pa7E74-NGr4DW-AGoAzo-AGoyub-P2iM3k-P6UTL1-Ez5gnT-AGoEcU-NGrbMo-Ez5hLe-AGoGnq-AGoFBN-NGrd9G-NGr8bf-P6Va5N-NYP2a9-NGreYJ-P2j2eB-AGoQ2J-NYP17Y-NGri6f-NGrfR5-P6Vhf9-Ez5wSa-P2j2WZ-Ez5s2t-Ez5ujz-Pa7VUX-Ez5xyv-NGrwfm-AGoUhs\" title=\"Track 01 27\"><img loading=\"lazy\" decoding=\"async\" src=\"https:\/\/c7.staticflickr.com\/6\/5746\/30835315702_83973c73b9.jpg\" width=\"500\" height=\"333\" alt=\"Track 01 27\"><\/a><\/p>\n<p align=\"justify\">In Altglienicke gibt es eine Stra\u00dfe, die nach einem Bauern benannt ist. Der Korkedamm war im 19. Jahrhundert der Wirtschaftsweg des Bauern August Korke (1844-1900). <\/p>\n<p><a href=\"https:\/\/www.flickr.com\/photos\/mitue\/22773210938\/in\/dateposted\/\" title=\"Track 01 42\"><img loading=\"lazy\" decoding=\"async\" src=\"https:\/\/c3.staticflickr.com\/6\/5696\/22773210938_daaba3e725.jpg\" width=\"500\" height=\"333\" alt=\"Track 01 42\"><\/a><\/p>\n<p align=\"justify\">Ganz besonders gefreut hat es uns, dass &#8222;Herr Krause&#8220; wieder da ist. <\/p>\n<p><a href=\"https:\/\/www.flickr.com\/photos\/mitue\/30649998910\/in\/dateposted\/\" title=\"Track 01 32\"><img loading=\"lazy\" decoding=\"async\" src=\"https:\/\/c7.staticflickr.com\/6\/5592\/30649998910_72def8301a.jpg\" width=\"500\" height=\"333\" alt=\"Track 01 32\"><\/a><\/p>\n<p align=\"justify\">Vor einem Jahr waren wir am rechten Ufer des Teltowkanals spazieren. Dort staunten wir \u00fcber das <a href=\"http:\/\/mitue.de\/?p=5016 \">Cherenkov Telescope Array<\/a>. Wird das Teil noch genutzt?<\/p>\n<p><a href=\"https:\/\/www.flickr.com\/photos\/mitue\/30915670516\/in\/dateposted\/\" title=\"Track 01 47\"><img loading=\"lazy\" decoding=\"async\" src=\"https:\/\/c5.staticflickr.com\/6\/5691\/30915670516_155e84d5cd.jpg\" width=\"500\" height=\"333\" alt=\"Track 01 47\"><\/a><\/p>\n<p><a href=\"https:\/\/www.flickr.com\/photos\/mitue\/25315877269\/in\/dateposted\/\" title=\"Track 01 22\"><img loading=\"lazy\" decoding=\"async\" src=\"https:\/\/c6.staticflickr.com\/6\/5735\/25315877269_986522ba58.jpg\" width=\"500\" height=\"333\" alt=\"Track 01 22\"><\/a><\/p>\n","protected":false},"excerpt":{"rendered":"<p>Das ist der erste Abschnitt unserer Teltowkanal-Wanderung, hier sind alle Bilder. Die Dahme ist aufgeregt, sie hat es bis zur Hauptstadt geschafft. Bevor sie die Spree trifft, erleichtert sie sich in den Teltowkanal. Hier beginnen wir bei bestem Herbstwetter den ersten Abschnitt unserer Jubil\u00e4ums-Wanderung. Nein, keine Gl\u00fcckw\u00fcnsche! Nicht wir feiern ein Wanderjubil\u00e4um, sondern der Teltowkanal [&hellip;]<\/p>\n","protected":false},"author":1,"featured_media":0,"comment_status":"open","ping_status":"closed","sticky":false,"template":"","format":"standard","meta":{"footnotes":""},"categories":[6],"tags":[644],"class_list":["post-5596","post","type-post","status-publish","format-standard","hentry","category-promenadologie","tag-teltowkanal"],"_links":{"self":[{"href":"https:\/\/mitue.de\/index.php?rest_route=\/wp\/v2\/posts\/5596","targetHints":{"allow":["GET"]}}],"collection":[{"href":"https:\/\/mitue.de\/index.php?rest_route=\/wp\/v2\/posts"}],"about":[{"href":"https:\/\/mitue.de\/index.php?rest_route=\/wp\/v2\/types\/post"}],"author":[{"embeddable":true,"href":"https:\/\/mitue.de\/index.php?rest_route=\/wp\/v2\/users\/1"}],"replies":[{"embeddable":true,"href":"https:\/\/mitue.de\/index.php?rest_route=%2Fwp%2Fv2%2Fcomments&post=5596"}],"version-history":[{"count":1,"href":"https:\/\/mitue.de\/index.php?rest_route=\/wp\/v2\/posts\/5596\/revisions"}],"predecessor-version":[{"id":5597,"href":"https:\/\/mitue.de\/index.php?rest_route=\/wp\/v2\/posts\/5596\/revisions\/5597"}],"wp:attachment":[{"href":"https:\/\/mitue.de\/index.php?rest_route=%2Fwp%2Fv2%2Fmedia&parent=5596"}],"wp:term":[{"taxonomy":"category","embeddable":true,"href":"https:\/\/mitue.de\/index.php?rest_route=%2Fwp%2Fv2%2Fcategories&post=5596"},{"taxonomy":"post_tag","embeddable":true,"href":"https:\/\/mitue.de\/index.php?rest_route=%2Fwp%2Fv2%2Ftags&post=5596"}],"curies":[{"name":"wp","href":"https:\/\/api.w.org\/{rel}","templated":true}]}}