{"id":560,"date":"2009-07-11T20:44:11","date_gmt":"2009-07-11T19:44:11","guid":{"rendered":"http:\/\/mitue.de\/?p=560"},"modified":"2009-07-11T20:44:11","modified_gmt":"2009-07-11T19:44:11","slug":"jets-und-flughafen","status":"publish","type":"post","link":"https:\/\/mitue.de\/?p=560","title":{"rendered":"Jets und Flugh\u00e4fen"},"content":{"rendered":"<p>Das Motiv des Jets und der Flugh\u00e4fen zieht sich nun schon eine ganze Weile durch die zeitgen\u00f6ssische Kunst, schreibt Matthias Wei\u00df in der <a href=\"http:\/\/www.lindinger-schmid.de\/kunstzeitung.html\">Kunstzeitung<\/a> 155, Juli 2009. Er verweist dabei auch auf die Arbeiten von <a href=\"http:\/\/www.anja-ganster.com\/work5-5.htm\">Anja Ganster<\/a>.<\/p>\n<p><a title=\"Mein letztes Mal (Tempelhof - Mannheim) by mitue, on Flickr\" href=\"http:\/\/www.flickr.com\/photos\/mitue\/2827756753\/\"><img loading=\"lazy\" decoding=\"async\" src=\"http:\/\/farm4.static.flickr.com\/3189\/2827756753_024e75cdcf.jpg\" border=\"0\" alt=\"Mein letztes Mal (Tempelhof - Mannheim)\" width=\"500\" height=\"340\" \/><\/a><br \/>\nTempelhof<\/p>\n<p><a title=\"Dnepropetrowsk by mitue, on Flickr\" href=\"http:\/\/www.flickr.com\/photos\/mitue\/378458797\/\"><img loading=\"lazy\" decoding=\"async\" src=\"http:\/\/farm1.static.flickr.com\/178\/378458797_8316487e64.jpg\" border=\"0\" alt=\"Dnepropetrowsk\" width=\"500\" height=\"363\" \/><\/a><br \/>\nDnepropetrowsk<\/p>\n<p><a title=\"Landung in Reykjavik by mitue, on Flickr\" href=\"http:\/\/www.flickr.com\/photos\/mitue\/1082977900\/\"><img loading=\"lazy\" decoding=\"async\" src=\"http:\/\/farm2.static.flickr.com\/1135\/1082977900_8130b02cb5.jpg\" border=\"0\" alt=\"Landung in Reykjavik\" width=\"500\" height=\"281\" \/><\/a><br \/>\nReykjavik<\/p>\n<p><a title=\"Flughafen by mitue, on Flickr\" href=\"http:\/\/www.flickr.com\/photos\/mitue\/391374979\/\"><img loading=\"lazy\" decoding=\"async\" src=\"http:\/\/farm1.static.flickr.com\/176\/391374979_d877eaa14d.jpg\" border=\"0\" alt=\"Flughafen\" width=\"500\" height=\"294\" \/><\/a><br \/>\nJohannisthal<\/p>\n<p><a title=\"Fliegt hier etwas by mitue, on Flickr\" href=\"http:\/\/www.flickr.com\/photos\/mitue\/149122969\/\"><img loading=\"lazy\" decoding=\"async\" src=\"http:\/\/farm1.static.flickr.com\/55\/149122969_39fa985aa0.jpg\" border=\"0\" alt=\"Fliegt hier etwas\" width=\"500\" height=\"377\" \/><\/a><br \/>\nMadrid<\/p>\n","protected":false},"excerpt":{"rendered":"<p>Das Motiv des Jets und der Flugh\u00e4fen zieht sich nun schon eine ganze Weile durch die zeitgen\u00f6ssische Kunst, schreibt Matthias Wei\u00df in der Kunstzeitung 155, Juli 2009. Er verweist dabei auch auf die Arbeiten von Anja Ganster. Tempelhof Dnepropetrowsk Reykjavik Johannisthal Madrid<\/p>\n","protected":false},"author":1,"featured_media":0,"comment_status":"open","ping_status":"open","sticky":false,"template":"","format":"standard","meta":{"footnotes":""},"categories":[1],"tags":[],"class_list":["post-560","post","type-post","status-publish","format-standard","hentry","category-uncategorized"],"_links":{"self":[{"href":"https:\/\/mitue.de\/index.php?rest_route=\/wp\/v2\/posts\/560","targetHints":{"allow":["GET"]}}],"collection":[{"href":"https:\/\/mitue.de\/index.php?rest_route=\/wp\/v2\/posts"}],"about":[{"href":"https:\/\/mitue.de\/index.php?rest_route=\/wp\/v2\/types\/post"}],"author":[{"embeddable":true,"href":"https:\/\/mitue.de\/index.php?rest_route=\/wp\/v2\/users\/1"}],"replies":[{"embeddable":true,"href":"https:\/\/mitue.de\/index.php?rest_route=%2Fwp%2Fv2%2Fcomments&post=560"}],"version-history":[{"count":1,"href":"https:\/\/mitue.de\/index.php?rest_route=\/wp\/v2\/posts\/560\/revisions"}],"predecessor-version":[{"id":561,"href":"https:\/\/mitue.de\/index.php?rest_route=\/wp\/v2\/posts\/560\/revisions\/561"}],"wp:attachment":[{"href":"https:\/\/mitue.de\/index.php?rest_route=%2Fwp%2Fv2%2Fmedia&parent=560"}],"wp:term":[{"taxonomy":"category","embeddable":true,"href":"https:\/\/mitue.de\/index.php?rest_route=%2Fwp%2Fv2%2Fcategories&post=560"},{"taxonomy":"post_tag","embeddable":true,"href":"https:\/\/mitue.de\/index.php?rest_route=%2Fwp%2Fv2%2Ftags&post=560"}],"curies":[{"name":"wp","href":"https:\/\/api.w.org\/{rel}","templated":true}]}}