{"id":5632,"date":"2016-12-01T18:40:51","date_gmt":"2016-12-01T17:40:51","guid":{"rendered":"http:\/\/mitue.de\/?p=5632"},"modified":"2016-12-01T18:40:51","modified_gmt":"2016-12-01T17:40:51","slug":"galerie-alte-schule","status":"publish","type":"post","link":"https:\/\/mitue.de\/?p=5632","title":{"rendered":"Galerie Alte Schule"},"content":{"rendered":"<p><a href=\"https:\/\/www.flickr.com\/photos\/mitue\/31242611741\/in\/dateposted\/\" title=\"Scharfes St\u00fcck 1\"><img loading=\"lazy\" decoding=\"async\" src=\"https:\/\/c6.staticflickr.com\/6\/5783\/31242611741_3611d41d4f.jpg\" width=\"500\" height=\"236\" alt=\"Scharfes St\u00fcck 1\"><\/a><\/p>\n<blockquote><p>Mittlerweile feste Tradition ist die opulente Jahresendausstellung in der <a href=\"http:\/\/mitue.de\/?p=5289\">Galerie Alte Schule<\/a>. Das Jahr neigt sich dem Ende zu und wie ein Erntedankfest stellen sich mit einer gro\u00dfen Gruppenausstellung 30 K\u00fcnstlerinnen und K\u00fcnstler in verschiedenen Techniken und Ausdruckmitteln vor. Fotografie, Zeichnung, Malerei sowie verspielte Objekte und Installationen verk\u00f6rpern verschiedene Ideen und Handschriften zu einem Thema.<br \/>\nIn diesem Jahr hei\u00dft die Ausstellung \u201cScharfes St\u00fcck \u2013 bitters\u00fc\u00df\u201c und hat im \u00fcbertragenen Sinn mit dem leiblichen Wohl zu tun. Spitz und verspielt, versteht sich.<br \/>\nEin fr\u00f6hlicher, vers\u00f6hnlicher Abschluss zum Ausstellungsjahr 2016 f\u00fcr die G\u00e4ste und f\u00fcr die schaffenden K\u00fcnstlerinnen und K\u00fcnstler.<br \/>\n(mehr <a href=\"https:\/\/www.berlin.de\/ba-treptow-koepenick\/aktuelles\/pressemitteilungen\/2016\/pressemitteilung.530156.php\">hier<\/a>)<\/p><\/blockquote>\n<p><a href=\"https:\/\/www.flickr.com\/photos\/mitue\/31357594385\/in\/photostream\/\" title=\"Le mystere\"><img loading=\"lazy\" decoding=\"async\" src=\"https:\/\/c2.staticflickr.com\/6\/5545\/31357594385_a6d23eef1c.jpg\" width=\"500\" height=\"329\" alt=\"Le mystere\"><\/a><br \/>\nClemens Gr\u00f6szer<\/p>\n<p><a href=\"https:\/\/www.flickr.com\/photos\/mitue\/31242608421\/in\/photostream\/\" title=\"Zirkus \u00dcberm\u00e4\u00dfiger Akkord\"><img loading=\"lazy\" decoding=\"async\" src=\"https:\/\/c6.staticflickr.com\/6\/5596\/31242608421_6233fd2981.jpg\" width=\"500\" height=\"300\" alt=\"Zirkus \u00dcberm\u00e4\u00dfiger Akkord\"><\/a><br \/>\nMichael Augustinski<\/p>\n","protected":false},"excerpt":{"rendered":"<p>Mittlerweile feste Tradition ist die opulente Jahresendausstellung in der Galerie Alte Schule. Das Jahr neigt sich dem Ende zu und wie ein Erntedankfest stellen sich mit einer gro\u00dfen Gruppenausstellung 30 K\u00fcnstlerinnen und K\u00fcnstler in verschiedenen Techniken und Ausdruckmitteln vor. Fotografie, Zeichnung, Malerei sowie verspielte Objekte und Installationen verk\u00f6rpern verschiedene Ideen und Handschriften zu einem Thema. [&hellip;]<\/p>\n","protected":false},"author":1,"featured_media":0,"comment_status":"open","ping_status":"closed","sticky":false,"template":"","format":"standard","meta":{"footnotes":""},"categories":[5],"tags":[],"class_list":["post-5632","post","type-post","status-publish","format-standard","hentry","category-ausstellungen"],"_links":{"self":[{"href":"https:\/\/mitue.de\/index.php?rest_route=\/wp\/v2\/posts\/5632","targetHints":{"allow":["GET"]}}],"collection":[{"href":"https:\/\/mitue.de\/index.php?rest_route=\/wp\/v2\/posts"}],"about":[{"href":"https:\/\/mitue.de\/index.php?rest_route=\/wp\/v2\/types\/post"}],"author":[{"embeddable":true,"href":"https:\/\/mitue.de\/index.php?rest_route=\/wp\/v2\/users\/1"}],"replies":[{"embeddable":true,"href":"https:\/\/mitue.de\/index.php?rest_route=%2Fwp%2Fv2%2Fcomments&post=5632"}],"version-history":[{"count":1,"href":"https:\/\/mitue.de\/index.php?rest_route=\/wp\/v2\/posts\/5632\/revisions"}],"predecessor-version":[{"id":5633,"href":"https:\/\/mitue.de\/index.php?rest_route=\/wp\/v2\/posts\/5632\/revisions\/5633"}],"wp:attachment":[{"href":"https:\/\/mitue.de\/index.php?rest_route=%2Fwp%2Fv2%2Fmedia&parent=5632"}],"wp:term":[{"taxonomy":"category","embeddable":true,"href":"https:\/\/mitue.de\/index.php?rest_route=%2Fwp%2Fv2%2Fcategories&post=5632"},{"taxonomy":"post_tag","embeddable":true,"href":"https:\/\/mitue.de\/index.php?rest_route=%2Fwp%2Fv2%2Ftags&post=5632"}],"curies":[{"name":"wp","href":"https:\/\/api.w.org\/{rel}","templated":true}]}}