{"id":5645,"date":"2016-12-08T17:11:26","date_gmt":"2016-12-08T16:11:26","guid":{"rendered":"http:\/\/mitue.de\/?p=5645"},"modified":"2017-06-19T17:42:33","modified_gmt":"2017-06-19T16:42:33","slug":"kommunale-galerien-8","status":"publish","type":"post","link":"https:\/\/mitue.de\/?p=5645","title":{"rendered":"Kommunale Galerien in Berlin (8)"},"content":{"rendered":"<blockquote><p>Wo gehst du hin?<\/p><\/blockquote>\n<p><a href=\"https:\/\/www.flickr.com\/photos\/mitue\/31362666762\/in\/dateposted\/\" title=\"20161208 01\"><img loading=\"lazy\" decoding=\"async\" src=\"https:\/\/c3.staticflickr.com\/1\/50\/31362666762_d78d420207.jpg\" width=\"500\" height=\"333\" alt=\"20161208 01\"><\/a><\/p>\n<p align=\"justify\">Heute bin ich im Ratskeller Lichtenberg:<br \/>\n<a href=\"https:\/\/www.berlin.de\/ba-lichtenberg\/auf-einen-blick\/freizeit\/kultur\/artikel.298241.php\">rk galerie f\u00fcr zeitgen\u00f6ssische Kunst<\/a><\/p>\n<p><a href=\"https:\/\/www.flickr.com\/photos\/mitue\/31362663522\/in\/dateposted\/\" title=\"20161208 02\"><img loading=\"lazy\" decoding=\"async\" src=\"https:\/\/c3.staticflickr.com\/1\/155\/31362663522_9be3e17c2e.jpg\" width=\"500\" height=\"335\" alt=\"20161208 02\"><\/a><\/p>\n<blockquote><p>Die aktuelle Ausstellung hei\u00dft:<br \/>\n<a href=\"https:\/\/www.artatberlin.com\/gruppenausstellung-rk-galerie-kunst-in-berlin-art-at-berlin\/\">Ausblick : Gegenwart<\/a> &#8211; 7 k\u00fcnstlerische Positionen zur Zeit<br \/>\n(Michael Augustinski, Claudia Hartwig, Michael Otto, Peter Schlangenbader, Tine Schumann, Hans Stein, Andrea Streit)<\/p><\/blockquote>\n<p align=\"left\">Zum Thema der Ausstellung passt der heutige Morgengru\u00df<\/p>\n<blockquote class=\"twitter-tweet\" data-lang=\"de\">\n<p lang=\"de\" dir=\"ltr\">Der Schrecken vor der Zukunft propft sich immer auf den Wunsch, diesen Schrecken zu erleben. (Cioran) <a href=\"https:\/\/twitter.com\/hashtag\/Kunstspazierg%C3%A4ngersMorgengru%C3%9F?src=hash\">#Kunstspazierg\u00e4ngersMorgengru\u00df<\/a><\/p>\n<p>&mdash; Kunstspazierg\u00e4nger (@mitue) <a href=\"https:\/\/twitter.com\/mitue\/status\/806750049174568960\">8. Dezember 2016<\/a><\/p><\/blockquote>\n<p><script async src=\"\/\/platform.twitter.com\/widgets.js\" charset=\"utf-8\"><\/script><\/p>\n<p><a href=\"https:\/\/www.flickr.com\/photos\/mitue\/31362658702\/in\/dateposted\/\" title=\"20161208 03\"><img loading=\"lazy\" decoding=\"async\" src=\"https:\/\/c7.staticflickr.com\/6\/5602\/31362658702_f8b281eb50.jpg\" width=\"500\" height=\"310\" alt=\"20161208 03\"><\/a><br \/>\nBerlin Hauptbahnhof (<a href=\"http:\/\/www.morgenpost.de\/kultur\/berlin-kultur\/article206959507\/Hans-Stein-Der-Mann-der-die-Berliner-Baustellen-malt.html\">Hans Stein<\/a>, 2011)<\/p>\n<p align=\"justify\"><a href=\"http:\/\/mitue.de\/?s=kommunale\">Das<\/a> sind die bisher besuchten kommunalen Galerien.<\/p>\n","protected":false},"excerpt":{"rendered":"<p>Wo gehst du hin? Heute bin ich im Ratskeller Lichtenberg: rk galerie f\u00fcr zeitgen\u00f6ssische Kunst Die aktuelle Ausstellung hei\u00dft: Ausblick : Gegenwart &#8211; 7 k\u00fcnstlerische Positionen zur Zeit (Michael Augustinski, Claudia Hartwig, Michael Otto, Peter Schlangenbader, Tine Schumann, Hans Stein, Andrea Streit) Zum Thema der Ausstellung passt der heutige Morgengru\u00df Der Schrecken vor der Zukunft [&hellip;]<\/p>\n","protected":false},"author":1,"featured_media":0,"comment_status":"open","ping_status":"closed","sticky":false,"template":"","format":"standard","meta":{"footnotes":""},"categories":[5],"tags":[638],"class_list":["post-5645","post","type-post","status-publish","format-standard","hentry","category-ausstellungen","tag-kommunale-galerie"],"_links":{"self":[{"href":"https:\/\/mitue.de\/index.php?rest_route=\/wp\/v2\/posts\/5645","targetHints":{"allow":["GET"]}}],"collection":[{"href":"https:\/\/mitue.de\/index.php?rest_route=\/wp\/v2\/posts"}],"about":[{"href":"https:\/\/mitue.de\/index.php?rest_route=\/wp\/v2\/types\/post"}],"author":[{"embeddable":true,"href":"https:\/\/mitue.de\/index.php?rest_route=\/wp\/v2\/users\/1"}],"replies":[{"embeddable":true,"href":"https:\/\/mitue.de\/index.php?rest_route=%2Fwp%2Fv2%2Fcomments&post=5645"}],"version-history":[{"count":4,"href":"https:\/\/mitue.de\/index.php?rest_route=\/wp\/v2\/posts\/5645\/revisions"}],"predecessor-version":[{"id":6024,"href":"https:\/\/mitue.de\/index.php?rest_route=\/wp\/v2\/posts\/5645\/revisions\/6024"}],"wp:attachment":[{"href":"https:\/\/mitue.de\/index.php?rest_route=%2Fwp%2Fv2%2Fmedia&parent=5645"}],"wp:term":[{"taxonomy":"category","embeddable":true,"href":"https:\/\/mitue.de\/index.php?rest_route=%2Fwp%2Fv2%2Fcategories&post=5645"},{"taxonomy":"post_tag","embeddable":true,"href":"https:\/\/mitue.de\/index.php?rest_route=%2Fwp%2Fv2%2Ftags&post=5645"}],"curies":[{"name":"wp","href":"https:\/\/api.w.org\/{rel}","templated":true}]}}