{"id":5650,"date":"2016-12-15T17:52:04","date_gmt":"2016-12-15T16:52:04","guid":{"rendered":"http:\/\/mitue.de\/?p=5650"},"modified":"2016-12-15T17:52:04","modified_gmt":"2016-12-15T16:52:04","slug":"kommunale-galerien-in-berlin-9","status":"publish","type":"post","link":"https:\/\/mitue.de\/?p=5650","title":{"rendered":"Kommunale Galerien in Berlin (9)"},"content":{"rendered":"<p><a href=\"https:\/\/www.flickr.com\/photos\/mitue\/31663333675\/in\/dateposted\/\" title=\"Obersee 12\"><img loading=\"lazy\" decoding=\"async\" src=\"https:\/\/c4.staticflickr.com\/1\/540\/31663333675_236c68fae0.jpg\" width=\"500\" height=\"333\" alt=\"Obersee 12\"><\/a><\/p>\n<p align=\"justify\">Heute bin ich im <a href=\"http:\/\/www.miesvanderrohehaus.de\/\">Mies van der Rohe Haus<\/a> am Obersee. <\/p>\n<p><a href=\"https:\/\/www.flickr.com\/photos\/mitue\/30853115003\/in\/dateposted\/\" title=\"Obersee 14\"><img loading=\"lazy\" decoding=\"async\" src=\"https:\/\/c4.staticflickr.com\/1\/719\/30853115003_ee23ef3515.jpg\" width=\"500\" height=\"333\" alt=\"Obersee 14\"><\/a><\/p>\n<p align=\"justify\">Dort stellt <a href=\"http:\/\/www.vonbartha.com\/artists\/beat-zoderer\/\">Beat Zoderer<\/a> aus. Die Ausstellung hei\u00dft <i>Nagelfluh<\/i>. Zoderer hat f\u00fcr die R\u00e4ume des Mies van der Rohe Hauses eine Installation aus Skulpturen, Wandobjekten und Collagen entwickelt. Nagelfluh ist eine nat\u00fcrliche Gesteinsformation in den Alpen, eine Art nat\u00fcrlicher Beton, und eine Metapher f\u00fcr die Betonarbeiten des K\u00fcnstlers.  <\/p>\n<p><a href=\"https:\/\/www.flickr.com\/photos\/mitue\/31626378776\/in\/dateposted\/\" title=\"Obersee 15\"><img loading=\"lazy\" decoding=\"async\" src=\"https:\/\/c1.staticflickr.com\/1\/620\/31626378776_d3daab6e8d.jpg\" width=\"500\" height=\"375\" alt=\"Obersee 15\"><\/a><br \/>\nTorus 2, 2012<\/p>\n<p><a href=\"https:\/\/www.flickr.com\/photos\/mitue\/30821786384\/in\/dateposted\/\" title=\"Obersee 17\"><img loading=\"lazy\" decoding=\"async\" src=\"https:\/\/c1.staticflickr.com\/1\/583\/30821786384_e4d5dd6f98.jpg\" width=\"500\" height=\"500\" alt=\"Obersee 17\"><\/a><\/p>\n<p align=\"justify\"><a href=\"http:\/\/mitue.de\/?tag=kommunale-galerie\">Hier<\/a> ist eine Zusammenstellung bisher besuchter kommunaler Galerien.<\/p>\n<p><a href=\"https:\/\/www.flickr.com\/photos\/mitue\/31289102060\/in\/dateposted\/\" title=\"Obersee 7\"><img loading=\"lazy\" decoding=\"async\" src=\"https:\/\/c5.staticflickr.com\/1\/384\/31289102060_76943bba25.jpg\" width=\"500\" height=\"333\" alt=\"Obersee 7\"><\/a><\/p>\n<p align=\"justify\">Anschlie\u00dfend bin ich noch eine Runde um den Obersee gelaufen. Ich wollte nach dem sch\u00f6nen Akt <i>Sommer<\/i> (<a href=\"http:\/\/www.siegfried-krepp.de\/plastik.html\">Siegfried Krepp<\/a>) schauen. Daheim lese ich bei <a href=\"http:\/\/www.frollein-weissensee.de\/2015\/04\/07\/weissensee-studentin-erschafft-elegie-fuer-obersee-park\/\">Fr\u00e4ulein Weissensee<\/a>, dass im Februar 2013 die Skulptur gestohlen wurde.&#8220;<\/p>\n<p><a href=\"https:\/\/www.flickr.com\/photos\/mitue\/5170113126\/in\/photolist-Q1VjKs-P1fNap-Q1Vfzo-PEUPWU-QbA6BW-P1fTX6-Q1VhNG-8SSbvu-7KFuXG-4ZXtGZ\" title=\"Nasenspitze\"><img loading=\"lazy\" decoding=\"async\" src=\"https:\/\/c7.staticflickr.com\/2\/1230\/5170113126_d8588045c6.jpg\" width=\"500\" height=\"333\" alt=\"Nasenspitze\"><\/a><\/p>\n<p align=\"left\">Inzwischen hat sich der <a href=\"http:\/\/www.obersee-orankesee.de\/projekte\/statue-obersee-elegie\/\">F\u00f6rderverein Obersee &#038; Orankesee<\/a> erfolgreich der Sache angenommen. Die Plastik <i>Elegie<\/i> wurde von Evgenia Usimova geschaffen.<\/p>\n<p><a href=\"https:\/\/www.flickr.com\/photos\/mitue\/31515514832\/in\/photostream\/\" title=\"Obersee 6\"><img loading=\"lazy\" decoding=\"async\" src=\"https:\/\/c1.staticflickr.com\/1\/653\/31515514832_e81f8d5395.jpg\" width=\"500\" height=\"333\" alt=\"Obersee 6\"><\/a><\/p>\n<p><a href=\"https:\/\/www.flickr.com\/photos\/mitue\/31624942536\/in\/photostream\/\" title=\"Obersee 3\"><img loading=\"lazy\" decoding=\"async\" src=\"https:\/\/c1.staticflickr.com\/1\/320\/31624942536_d233985066.jpg\" width=\"500\" height=\"333\" alt=\"Obersee 3\"><\/a><\/p>\n<p><a href=\"https:\/\/www.flickr.com\/photos\/mitue\/30851674423\/in\/dateposted\/\" title=\"Obersee 1\"><img loading=\"lazy\" decoding=\"async\" src=\"https:\/\/c8.staticflickr.com\/1\/450\/30851674423_7399e7b947.jpg\" width=\"500\" height=\"330\" alt=\"Obersee 1\"><\/a><\/p>\n","protected":false},"excerpt":{"rendered":"<p>Heute bin ich im Mies van der Rohe Haus am Obersee. Dort stellt Beat Zoderer aus. Die Ausstellung hei\u00dft Nagelfluh. Zoderer hat f\u00fcr die R\u00e4ume des Mies van der Rohe Hauses eine Installation aus Skulpturen, Wandobjekten und Collagen entwickelt. Nagelfluh ist eine nat\u00fcrliche Gesteinsformation in den Alpen, eine Art nat\u00fcrlicher Beton, und eine Metapher f\u00fcr [&hellip;]<\/p>\n","protected":false},"author":1,"featured_media":0,"comment_status":"open","ping_status":"closed","sticky":false,"template":"","format":"standard","meta":{"footnotes":""},"categories":[5],"tags":[638],"class_list":["post-5650","post","type-post","status-publish","format-standard","hentry","category-ausstellungen","tag-kommunale-galerie"],"_links":{"self":[{"href":"https:\/\/mitue.de\/index.php?rest_route=\/wp\/v2\/posts\/5650","targetHints":{"allow":["GET"]}}],"collection":[{"href":"https:\/\/mitue.de\/index.php?rest_route=\/wp\/v2\/posts"}],"about":[{"href":"https:\/\/mitue.de\/index.php?rest_route=\/wp\/v2\/types\/post"}],"author":[{"embeddable":true,"href":"https:\/\/mitue.de\/index.php?rest_route=\/wp\/v2\/users\/1"}],"replies":[{"embeddable":true,"href":"https:\/\/mitue.de\/index.php?rest_route=%2Fwp%2Fv2%2Fcomments&post=5650"}],"version-history":[{"count":1,"href":"https:\/\/mitue.de\/index.php?rest_route=\/wp\/v2\/posts\/5650\/revisions"}],"predecessor-version":[{"id":5651,"href":"https:\/\/mitue.de\/index.php?rest_route=\/wp\/v2\/posts\/5650\/revisions\/5651"}],"wp:attachment":[{"href":"https:\/\/mitue.de\/index.php?rest_route=%2Fwp%2Fv2%2Fmedia&parent=5650"}],"wp:term":[{"taxonomy":"category","embeddable":true,"href":"https:\/\/mitue.de\/index.php?rest_route=%2Fwp%2Fv2%2Fcategories&post=5650"},{"taxonomy":"post_tag","embeddable":true,"href":"https:\/\/mitue.de\/index.php?rest_route=%2Fwp%2Fv2%2Ftags&post=5650"}],"curies":[{"name":"wp","href":"https:\/\/api.w.org\/{rel}","templated":true}]}}