{"id":5755,"date":"2017-02-02T16:48:19","date_gmt":"2017-02-02T15:48:19","guid":{"rendered":"http:\/\/mitue.de\/?p=5755"},"modified":"2017-02-02T16:51:11","modified_gmt":"2017-02-02T15:51:11","slug":"der-uferweg-von-baumschulenweg-nach-treptow","status":"publish","type":"post","link":"https:\/\/mitue.de\/?p=5755","title":{"rendered":"Der Uferweg von Baumschulenweg nach Treptow"},"content":{"rendered":"<blockquote><p>Ich flaniere gern in den Berliner Stra\u00dfen, meist ohne Ziel und Zweck, wie\u2019s das richtige Flanieren verlangt. Aber zuzeiten erfa\u00dft mich doch auch ein Studienhang und l\u00e4\u00dft mich nach allem m\u00f6glichen Alten und Neuen, was \u00fcber die Stadt verstreut liegt, auf Inspektion und unter Umst\u00e4nden selbst auf die Suche gehen.<br \/>\n(Theodor Fontane)<\/p><\/blockquote>\n<p><a href=\"https:\/\/www.flickr.com\/photos\/mitue\/32543058781\/in\/dateposted\/\" title=\"Spaziergang 049 am 2. Februar 2017\"><img loading=\"lazy\" decoding=\"async\" src=\"https:\/\/c1.staticflickr.com\/1\/551\/32543058781_6a2789f191.jpg\" width=\"452\" height=\"500\" alt=\"Spaziergang 049 am 2. Februar 2017\"><\/a><\/p>\n<p align=\"justify\">Gestern abend wurde im Wetterbericht geweissagt, dass heute am Vormittag die Sonne scheinen w\u00fcrde und erst nachmittags das \u00fcbliche graue Winterwetter die Stadt umh\u00fcllen wird. Mein Spaziergang an der Spree entlang von Baumschulenweg bis Treptow dauerte 90 Minuten. Die Sonne schien die ganze Zeit, der Schnee glitzerte und erst auf dem Nachhauseweg zogen Wolken auf. Der Wetterbericht hatte recht, das muss ja auch einmal erw\u00e4hnt werden. <a href=\"https:\/\/www.flickr.com\/search\/?user_id=73114945%40N00&#038;sort=date-taken-desc&#038;text=Berlin%20Spaz049&#038;view_all=1\">Hier<\/a> findet ihr alle Bilder.<\/p>\n<p><a href=\"https:\/\/www.flickr.com\/photos\/mitue\/32666628355\/in\/dateposted\/\" title=\"Spaz049 01\"><img loading=\"lazy\" decoding=\"async\" src=\"https:\/\/c1.staticflickr.com\/1\/511\/32666628355_0c37ffbf02.jpg\" width=\"500\" height=\"333\" alt=\"Spaz049 01\"><\/a><\/p>\n<p align=\"justify\">Die <a href=\"https:\/\/www.berlin.de\/tourismus\/dampferfahrten\/faehren\/1825099-1824660-faehre-f11-baumschulenstrasse-oberschoen.html\">F\u00e4hre F11<\/a> zwischen Baumschulenweg und Obersch\u00f6neweide ist trotz Eisberggefahr unterwegs.<\/p>\n<p><a href=\"https:\/\/www.flickr.com\/photos\/mitue\/32626006706\/in\/photostream\/\" title=\"Spaz049 02\"><img loading=\"lazy\" decoding=\"async\" src=\"https:\/\/c1.staticflickr.com\/1\/571\/32626006706_b42f48c2c1.jpg\" width=\"500\" height=\"333\" alt=\"Spaz049 02\"><\/a><\/p>\n<p align=\"justify\">Im Gegenlicht ist die Baustelle der <a href=\"http:\/\/www.brueckenweb.de\/2content\/datenbank\/bruecken\/3brueckenblatt.php?bas=61880\">Mathilde-Rathenau-Br\u00fccke<\/a> zu erkennen. <\/p>\n<p><a href=\"https:\/\/www.flickr.com\/photos\/mitue\/32544382551\/in\/photostream\/\" title=\"Spaz049 03\"><img loading=\"lazy\" decoding=\"async\" src=\"https:\/\/c1.staticflickr.com\/1\/419\/32544382551_53260cd5e8.jpg\" width=\"500\" height=\"333\" alt=\"Spaz049 03\"><\/a><\/p>\n<p align=\"justify\">Urban Art im Pl\u00e4nterwald<\/p>\n<p><a href=\"https:\/\/www.flickr.com\/photos\/mitue\/31854350993\/in\/dateposted\/\" title=\"Spaz049 05\"><img loading=\"lazy\" decoding=\"async\" src=\"https:\/\/c1.staticflickr.com\/1\/319\/31854350993_b66217f1b5.jpg\" width=\"500\" height=\"333\" alt=\"Spaz049 05\"><\/a><\/p>\n<blockquote><p>Unter diesem Gespr\u00e4che waren sie bis \u00fcber die Breitung der Spree hinausgekommen und fuhren wieder in das schmaler werdende Flu\u00dfbett ein. An beiden Ufern h\u00f6rten die H\u00e4userreihen auf, sich in d\u00fcnnen Zeilen hinzuziehen, Baumgruppen traten in n\u00e4chster N\u00e4he daf\u00fcr ein, und weiter landeinw\u00e4rts wurden aufgesch\u00fcttete Bahnd\u00e4mme sichtbar, \u00fcber die hinweg die Telegraphenstangen ragten und ihre Dr\u00e4hte von Pfahl zu Pfahl spannten. Hie und da, bis ziemlich weit in den Flu\u00df hinein, stand ein Schilfg\u00fcrtel, aus dessen Dickicht vereinzelte Krickenten aufflogen.<br \/>\n\u00bbEs ist doch weiter, als ich dachte\u00ab, sagte Melusine. \u00bbWir sind ja schon wie in halber Einsamkeit. Und dabei wird es frisch. Ein Gl\u00fcck, da\u00df wir Decken mitgenommen. Denn wir bleiben doch wohl im Freien? Oder gibt es auch Zimmer da? Freilich kann ich mir kaum denken, da\u00df wir zu sechs in einem Eierh\u00e4uschen Platz haben.\u00ab<br \/>\n\u00bbAch, Frau Gr\u00e4fin, ich sehe, Sie rechnen auf etwas extrem Idyllisches und erwarten, wenn wir angelangt sein werden, einen Mischling von Kiosk und H\u00fctte. Da harrt Ihrer aber eine grausame Entt\u00e4uschung. Das Eierh\u00e4uschen ist ein sogenanntes \u203aLokal\u2039, und wenn uns die Lust anwandelt, so k\u00f6nnen wir da tanzen oder eine Volksversammlung abhalten. Raum genug ist da. Sehen Sie, das Schiff wendet sich schon, und der rote Bau da, der zwischen den Pappelweiden mit Turm und Erker sichtbar wird, das ist das Eierh\u00e4uschen.\u00ab<br \/>\n(<a href=\"http:\/\/gutenberg.spiegel.de\/buch\/der-stechlin-4434\/2\">Fontane, Der Stechlin<\/a>)<\/p><\/blockquote>\n<p><a href=\"https:\/\/www.flickr.com\/photos\/mitue\/32513611572\/in\/dateposted\/\" title=\"Spaz049 04\"><img loading=\"lazy\" decoding=\"async\" src=\"https:\/\/c1.staticflickr.com\/1\/292\/32513611572_4ba67faefe.jpg\" width=\"500\" height=\"333\" alt=\"Spaz049 04\"><\/a><\/p>\n<p align=\"justify\">Das <a href=\"http:\/\/www.berliner-spreepark.de\/ueber-den-park\/eierhaeuschen\">Eierh\u00e4uschen<\/a> ist einger\u00fcstet, Bauausf\u00fchrung bis 2. Quartal 2018. <\/p>\n<p><a href=\"https:\/\/www.flickr.com\/photos\/mitue\/32513601762\/in\/photostream\/\" title=\"Spaz049 06\"><img loading=\"lazy\" decoding=\"async\" src=\"https:\/\/c1.staticflickr.com\/1\/398\/32513601762_2eb60a5266.jpg\" width=\"500\" height=\"333\" alt=\"Spaz049 06\"><\/a><\/p>\n<p align=\"justify\">Das Riesenrad im <a href=\"http:\/\/www.tagesspiegel.de\/berlin\/freizeitpark-in-berlin-plaenterwald-riesenrad-im-spreepark-soll-wieder-in-gang-kommen\/13814102.html\">Spreepark<\/a> soll wieder in Gang kommen.<\/p>\n<p><a href=\"https:\/\/www.flickr.com\/photos\/mitue\/31854341443\/in\/photostream\/\" title=\"Spaz049 07\"><img loading=\"lazy\" decoding=\"async\" src=\"https:\/\/c1.staticflickr.com\/1\/370\/31854341443_88cb5fd7ee.jpg\" width=\"500\" height=\"333\" alt=\"Spaz049 07\"><\/a><\/p>\n<p><a href=\"https:\/\/www.flickr.com\/photos\/mitue\/32625990716\/in\/photostream\/\" title=\"Spaz049 08\"><img loading=\"lazy\" decoding=\"async\" src=\"https:\/\/c1.staticflickr.com\/1\/406\/32625990716_75b0032ff3.jpg\" width=\"500\" height=\"333\" alt=\"Spaz049 08\"><\/a><\/p>\n<p><a href=\"https:\/\/www.flickr.com\/photos\/mitue\/31823799094\/in\/photostream\/\" title=\"Spaz049 09\"><img loading=\"lazy\" decoding=\"async\" src=\"https:\/\/c1.staticflickr.com\/1\/455\/31823799094_fc8926a6e6.jpg\" width=\"500\" height=\"333\" alt=\"Spaz049 09\"><\/a><\/p>\n<p><a href=\"https:\/\/www.flickr.com\/photos\/mitue\/32625985326\/in\/photostream\/\" title=\"Spaz049 10\"><img loading=\"lazy\" decoding=\"async\" src=\"https:\/\/c1.staticflickr.com\/1\/582\/32625985326_0a70683358.jpg\" width=\"500\" height=\"333\" alt=\"Spaz049 10\"><\/a><\/p>\n<p align=\"justify\">Auf der <a href=\"https:\/\/de.wikipedia.org\/wiki\/Insel_der_Jugend\">Insel der Jugend<\/a> ist Das Boot (1995) von Lutz Kommalein gestrandet.<\/p>\n<p><a href=\"https:\/\/www.flickr.com\/photos\/mitue\/32544364001\/in\/dateposted\/\" title=\"Spaz049 11\"><img loading=\"lazy\" decoding=\"async\" src=\"https:\/\/c1.staticflickr.com\/1\/640\/32544364001_4e265840bf.jpg\" width=\"500\" height=\"333\" alt=\"Spaz049 11\"><\/a><\/p>\n<p align=\"justify\">Am gegen\u00fcberliegenden Ufer sieht man die <a href=\"https:\/\/de.wikipedia.org\/wiki\/Dorfkirche_Stralau\">Stralauer Dorfkirche<\/a> mit dem etwas schiefen Turm. Auf dem Kirchhof ist <a href=\"http:\/\/mitue.de\/?p=3804\">Manfred Bofinger<\/a> beerdigt.<\/p>\n<p><a href=\"https:\/\/www.flickr.com\/photos\/mitue\/31823790084\/in\/photostream\/\" title=\"Spaz049 12\"><img loading=\"lazy\" decoding=\"async\" src=\"https:\/\/c1.staticflickr.com\/1\/524\/31823790084_a6f61b7b60.jpg\" width=\"500\" height=\"333\" alt=\"Spaz049 12\"><\/a><\/p>\n<p align=\"justify\">Und schon bin ich am S-Bahnhof Treptow. Aus der Ferne gr\u00fc\u00dft der Fernsehturm. Die Molecule Men sieht man auch.<\/p>\n","protected":false},"excerpt":{"rendered":"<p>Ich flaniere gern in den Berliner Stra\u00dfen, meist ohne Ziel und Zweck, wie\u2019s das richtige Flanieren verlangt. Aber zuzeiten erfa\u00dft mich doch auch ein Studienhang und l\u00e4\u00dft mich nach allem m\u00f6glichen Alten und Neuen, was \u00fcber die Stadt verstreut liegt, auf Inspektion und unter Umst\u00e4nden selbst auf die Suche gehen. (Theodor Fontane) Gestern abend wurde [&hellip;]<\/p>\n","protected":false},"author":1,"featured_media":0,"comment_status":"open","ping_status":"closed","sticky":false,"template":"","format":"standard","meta":{"footnotes":""},"categories":[6],"tags":[],"class_list":["post-5755","post","type-post","status-publish","format-standard","hentry","category-promenadologie"],"_links":{"self":[{"href":"https:\/\/mitue.de\/index.php?rest_route=\/wp\/v2\/posts\/5755","targetHints":{"allow":["GET"]}}],"collection":[{"href":"https:\/\/mitue.de\/index.php?rest_route=\/wp\/v2\/posts"}],"about":[{"href":"https:\/\/mitue.de\/index.php?rest_route=\/wp\/v2\/types\/post"}],"author":[{"embeddable":true,"href":"https:\/\/mitue.de\/index.php?rest_route=\/wp\/v2\/users\/1"}],"replies":[{"embeddable":true,"href":"https:\/\/mitue.de\/index.php?rest_route=%2Fwp%2Fv2%2Fcomments&post=5755"}],"version-history":[{"count":2,"href":"https:\/\/mitue.de\/index.php?rest_route=\/wp\/v2\/posts\/5755\/revisions"}],"predecessor-version":[{"id":5757,"href":"https:\/\/mitue.de\/index.php?rest_route=\/wp\/v2\/posts\/5755\/revisions\/5757"}],"wp:attachment":[{"href":"https:\/\/mitue.de\/index.php?rest_route=%2Fwp%2Fv2%2Fmedia&parent=5755"}],"wp:term":[{"taxonomy":"category","embeddable":true,"href":"https:\/\/mitue.de\/index.php?rest_route=%2Fwp%2Fv2%2Fcategories&post=5755"},{"taxonomy":"post_tag","embeddable":true,"href":"https:\/\/mitue.de\/index.php?rest_route=%2Fwp%2Fv2%2Ftags&post=5755"}],"curies":[{"name":"wp","href":"https:\/\/api.w.org\/{rel}","templated":true}]}}