{"id":5779,"date":"2017-02-12T11:21:38","date_gmt":"2017-02-12T10:21:38","guid":{"rendered":"http:\/\/mitue.de\/?p=5779"},"modified":"2017-02-12T11:21:38","modified_gmt":"2017-02-12T10:21:38","slug":"lustwandeln","status":"publish","type":"post","link":"https:\/\/mitue.de\/?p=5779","title":{"rendered":"Lustwandeln"},"content":{"rendered":"<p><a href=\"https:\/\/www.flickr.com\/photos\/mitue\/32689028752\/in\/dateposted\/\" title=\"20170211 09\"><img loading=\"lazy\" decoding=\"async\" src=\"https:\/\/c1.staticflickr.com\/1\/269\/32689028752_aa4d3812d3.jpg\" width=\"500\" height=\"333\" alt=\"20170211 09\"><\/a><\/p>\n<blockquote><p>Die K\u00fcnstlerinnen <a href=\"http:\/\/www.angelika-frommherz.de\/\">Angelika Frommherz<\/a> und <a href=\"http:\/\/julianelaitzsch.de\/category\/artwork\/projects\/\">Juliane Laitzsch<\/a> inszenieren die Ausstellung als Raum, in dem die Besuchenden wie in einem Garten lustwandeln k\u00f6nnen. W\u00e4hrend der K\u00f6rnerpark im Winter ruht und sich die Pflanzen zu verstecken scheinen, entsteht in der Galerie eine lebendige Landschaft mit Ornamentik, Verweilorten, Blickachsen und farbigen Objekten.<br \/>\n(<a href=\"https:\/\/www.berlin.de\/ba-neukoelln\/aktuelles\/pressemitteilungen\/2017\/pressemitteilung.554898.php\">hier<\/a>)<\/p><\/blockquote>\n<p><a href=\"https:\/\/www.flickr.com\/photos\/mitue\/32461480830\/in\/photostream\/\" title=\"20170211 08\"><img loading=\"lazy\" decoding=\"async\" src=\"https:\/\/c1.staticflickr.com\/1\/531\/32461480830_128bc610bd.jpg\" width=\"500\" height=\"333\" alt=\"20170211 08\"><\/a><\/p>\n","protected":false},"excerpt":{"rendered":"<p>Die K\u00fcnstlerinnen Angelika Frommherz und Juliane Laitzsch inszenieren die Ausstellung als Raum, in dem die Besuchenden wie in einem Garten lustwandeln k\u00f6nnen. W\u00e4hrend der K\u00f6rnerpark im Winter ruht und sich die Pflanzen zu verstecken scheinen, entsteht in der Galerie eine lebendige Landschaft mit Ornamentik, Verweilorten, Blickachsen und farbigen Objekten. (hier)<\/p>\n","protected":false},"author":1,"featured_media":0,"comment_status":"open","ping_status":"closed","sticky":false,"template":"","format":"standard","meta":{"footnotes":""},"categories":[5],"tags":[633],"class_list":["post-5779","post","type-post","status-publish","format-standard","hentry","category-ausstellungen","tag-galerie-im-kornerpark"],"_links":{"self":[{"href":"https:\/\/mitue.de\/index.php?rest_route=\/wp\/v2\/posts\/5779","targetHints":{"allow":["GET"]}}],"collection":[{"href":"https:\/\/mitue.de\/index.php?rest_route=\/wp\/v2\/posts"}],"about":[{"href":"https:\/\/mitue.de\/index.php?rest_route=\/wp\/v2\/types\/post"}],"author":[{"embeddable":true,"href":"https:\/\/mitue.de\/index.php?rest_route=\/wp\/v2\/users\/1"}],"replies":[{"embeddable":true,"href":"https:\/\/mitue.de\/index.php?rest_route=%2Fwp%2Fv2%2Fcomments&post=5779"}],"version-history":[{"count":1,"href":"https:\/\/mitue.de\/index.php?rest_route=\/wp\/v2\/posts\/5779\/revisions"}],"predecessor-version":[{"id":5780,"href":"https:\/\/mitue.de\/index.php?rest_route=\/wp\/v2\/posts\/5779\/revisions\/5780"}],"wp:attachment":[{"href":"https:\/\/mitue.de\/index.php?rest_route=%2Fwp%2Fv2%2Fmedia&parent=5779"}],"wp:term":[{"taxonomy":"category","embeddable":true,"href":"https:\/\/mitue.de\/index.php?rest_route=%2Fwp%2Fv2%2Fcategories&post=5779"},{"taxonomy":"post_tag","embeddable":true,"href":"https:\/\/mitue.de\/index.php?rest_route=%2Fwp%2Fv2%2Ftags&post=5779"}],"curies":[{"name":"wp","href":"https:\/\/api.w.org\/{rel}","templated":true}]}}