{"id":5860,"date":"2017-03-10T19:09:26","date_gmt":"2017-03-10T18:09:26","guid":{"rendered":"http:\/\/mitue.de\/?p=5860"},"modified":"2017-03-10T19:09:26","modified_gmt":"2017-03-10T18:09:26","slug":"denkmal-fuer-die-notstandsarbeiter","status":"publish","type":"post","link":"https:\/\/mitue.de\/?p=5860","title":{"rendered":"Denkmal f\u00fcr die Notstandsarbeiter"},"content":{"rendered":"<p align=\"justify\">Der <a href=\"https:\/\/de.wikipedia.org\/wiki\/Fritz-Schlo%C3%9F-Park\">Fritz-Schlo\u00df-Park<\/a> ist ein Park im Berliner Ortsteil Moabit des Bezirks Mitte. Den <a href=\"https:\/\/de.wikipedia.org\/wiki\/Tr%C3%BCmmerfrau\">Tr\u00fcmmerfrauen<\/a> zu Ehren befindet sich im Park ein Relief von Alfred Frenkel mit der Aufschrift: \u201eDen Notstandsarbeitern zum Dank\u201c.<\/p>\n<p><a href=\"https:\/\/www.flickr.com\/photos\/mitue\/32365529064\/in\/dateposted\/\" title=\"20170302 16\"><img loading=\"lazy\" decoding=\"async\" src=\"https:\/\/c1.staticflickr.com\/1\/626\/32365529064_dc446644d5.jpg\" width=\"500\" height=\"375\" alt=\"20170302 16\"><\/a><\/p>\n<p><a href=\"https:\/\/www.flickr.com\/photos\/mitue\/33053047792\/in\/photostream\/\" title=\"20170302 13\"><img loading=\"lazy\" decoding=\"async\" src=\"https:\/\/c1.staticflickr.com\/4\/3859\/33053047792_63e2784c8e.jpg\" width=\"500\" height=\"375\" alt=\"20170302 13\"><\/a><\/p>\n<p><a href=\"https:\/\/www.flickr.com\/photos\/mitue\/33168061796\/in\/photostream\/\" title=\"20170302 14\"><img loading=\"lazy\" decoding=\"async\" src=\"https:\/\/c1.staticflickr.com\/1\/625\/33168061796_37166b8fd3.jpg\" width=\"500\" height=\"376\" alt=\"20170302 14\"><\/a><\/p>\n<p><a href=\"https:\/\/www.flickr.com\/photos\/mitue\/33053039392\/in\/photostream\/\" title=\"20170302 15\"><img loading=\"lazy\" decoding=\"async\" src=\"https:\/\/c1.staticflickr.com\/4\/3885\/33053039392_1000398d42.jpg\" width=\"500\" height=\"423\" alt=\"20170302 15\"><\/a><\/p>\n<p align=\"justify\">Als 1955 die Beseitigung der Tr\u00fcmmer vom ehemaligen Kasernengel\u00e4ndes im Karree Rathenower, Krupp-, Lehrter- und Seydlitzstra\u00dfe im Bezirk Tiergarten beendet und ein neuer Park (der heutige Fritz-Schlo\u00df-Park) entstanden war, wurde ein gro\u00dfer Kalkstein, der bei den R\u00e4umungsarbeiten gefunden worden war und auf dem der Bildhauer Alfred Frenkel ein Relief gestaltet hatte, mit dem Titel \u201eDenkmal f\u00fcr die Notstandsarbeiter\u201c am Parkeingang enth\u00fcllt.<\/p>\n","protected":false},"excerpt":{"rendered":"<p>Der Fritz-Schlo\u00df-Park ist ein Park im Berliner Ortsteil Moabit des Bezirks Mitte. Den Tr\u00fcmmerfrauen zu Ehren befindet sich im Park ein Relief von Alfred Frenkel mit der Aufschrift: \u201eDen Notstandsarbeitern zum Dank\u201c. Als 1955 die Beseitigung der Tr\u00fcmmer vom ehemaligen Kasernengel\u00e4ndes im Karree Rathenower, Krupp-, Lehrter- und Seydlitzstra\u00dfe im Bezirk Tiergarten beendet und ein neuer [&hellip;]<\/p>\n","protected":false},"author":1,"featured_media":0,"comment_status":"open","ping_status":"closed","sticky":false,"template":"","format":"standard","meta":{"footnotes":""},"categories":[4],"tags":[],"class_list":["post-5860","post","type-post","status-publish","format-standard","hentry","category-berlin"],"_links":{"self":[{"href":"https:\/\/mitue.de\/index.php?rest_route=\/wp\/v2\/posts\/5860","targetHints":{"allow":["GET"]}}],"collection":[{"href":"https:\/\/mitue.de\/index.php?rest_route=\/wp\/v2\/posts"}],"about":[{"href":"https:\/\/mitue.de\/index.php?rest_route=\/wp\/v2\/types\/post"}],"author":[{"embeddable":true,"href":"https:\/\/mitue.de\/index.php?rest_route=\/wp\/v2\/users\/1"}],"replies":[{"embeddable":true,"href":"https:\/\/mitue.de\/index.php?rest_route=%2Fwp%2Fv2%2Fcomments&post=5860"}],"version-history":[{"count":1,"href":"https:\/\/mitue.de\/index.php?rest_route=\/wp\/v2\/posts\/5860\/revisions"}],"predecessor-version":[{"id":5861,"href":"https:\/\/mitue.de\/index.php?rest_route=\/wp\/v2\/posts\/5860\/revisions\/5861"}],"wp:attachment":[{"href":"https:\/\/mitue.de\/index.php?rest_route=%2Fwp%2Fv2%2Fmedia&parent=5860"}],"wp:term":[{"taxonomy":"category","embeddable":true,"href":"https:\/\/mitue.de\/index.php?rest_route=%2Fwp%2Fv2%2Fcategories&post=5860"},{"taxonomy":"post_tag","embeddable":true,"href":"https:\/\/mitue.de\/index.php?rest_route=%2Fwp%2Fv2%2Ftags&post=5860"}],"curies":[{"name":"wp","href":"https:\/\/api.w.org\/{rel}","templated":true}]}}