{"id":5865,"date":"2017-03-14T17:52:05","date_gmt":"2017-03-14T16:52:05","guid":{"rendered":"http:\/\/mitue.de\/?p=5865"},"modified":"2017-03-14T17:52:05","modified_gmt":"2017-03-14T16:52:05","slug":"wuehlen-im-kunstspaziergangsarchiv-4","status":"publish","type":"post","link":"https:\/\/mitue.de\/?p=5865","title":{"rendered":"W\u00fchlen im Kunstspaziergangsarchiv (4)"},"content":{"rendered":"<p align=\"justify\">Unter den Linden waren vom 27. bis 29. August 2004 <a href=\"http:\/\/radio-weblogs.com\/0109045\/2004\/08\/27.html\">neun Gro\u00dfplastiken von Armel Reau<\/a> zu sehen, darunter: ISLAND.<\/p>\n<p><a href=\"https:\/\/www.flickr.com\/photos\/mitue\/33311716461\/in\/dateposted\/\" title=\"Island\"><img loading=\"lazy\" decoding=\"async\" src=\"https:\/\/c1.staticflickr.com\/1\/595\/33311716461_5a16d81212.jpg\" width=\"500\" height=\"333\" alt=\"Island\"><\/a><\/p>\n<p><a href=\"https:\/\/www.flickr.com\/photos\/mitue\/32596852824\/in\/photostream\/\" title=\"Island\"><img loading=\"lazy\" decoding=\"async\" src=\"https:\/\/c1.staticflickr.com\/4\/3734\/32596852824_ba7b376449.jpg\" width=\"500\" height=\"333\" alt=\"Island\"><\/a><\/p>\n<blockquote><p>In sechs Metern H\u00f6he auf einem Sessel am Pariser Platz sitzend hat man bestimmt eine andere als die gewohnte Sicht auf Berlins Prachtmeile Unter den Linden zwischen Brandenburger Tor und Schlossplatz. Doch darum geht es dem Aktionsk\u00fcnstler Armel R\u00e9au, der die Riesensessel-Plastik dort aufstellen l\u00e4sst, nicht. &#8222;Mit dem R\u00fccken zum Brandenburger Tor in Richtung Schlossplatz ist das Individuum auf dem Sessel umgeben von seiner b\u00fcrgerlichen Freiheit&#8220;, erkl\u00e4rt R\u00e9au.<br \/>\n(<a href=\"http:\/\/www.morgenpost.de\/printarchiv\/bezirke\/article103616848\/So-macht-Armel-Reau-die-Linden-zur-Kunstmeile.html\">hier<\/a> und mehr <a href=\"http:\/\/www.tagesspiegel.de\/berlin\/kunst-in-bau\/541722.html\">hier<\/a>)<\/p><\/blockquote>\n","protected":false},"excerpt":{"rendered":"<p>Unter den Linden waren vom 27. bis 29. August 2004 neun Gro\u00dfplastiken von Armel Reau zu sehen, darunter: ISLAND. In sechs Metern H\u00f6he auf einem Sessel am Pariser Platz sitzend hat man bestimmt eine andere als die gewohnte Sicht auf Berlins Prachtmeile Unter den Linden zwischen Brandenburger Tor und Schlossplatz. Doch darum geht es dem [&hellip;]<\/p>\n","protected":false},"author":1,"featured_media":0,"comment_status":"open","ping_status":"closed","sticky":false,"template":"","format":"standard","meta":{"footnotes":""},"categories":[4],"tags":[594],"class_list":["post-5865","post","type-post","status-publish","format-standard","hentry","category-berlin","tag-archiv"],"_links":{"self":[{"href":"https:\/\/mitue.de\/index.php?rest_route=\/wp\/v2\/posts\/5865","targetHints":{"allow":["GET"]}}],"collection":[{"href":"https:\/\/mitue.de\/index.php?rest_route=\/wp\/v2\/posts"}],"about":[{"href":"https:\/\/mitue.de\/index.php?rest_route=\/wp\/v2\/types\/post"}],"author":[{"embeddable":true,"href":"https:\/\/mitue.de\/index.php?rest_route=\/wp\/v2\/users\/1"}],"replies":[{"embeddable":true,"href":"https:\/\/mitue.de\/index.php?rest_route=%2Fwp%2Fv2%2Fcomments&post=5865"}],"version-history":[{"count":1,"href":"https:\/\/mitue.de\/index.php?rest_route=\/wp\/v2\/posts\/5865\/revisions"}],"predecessor-version":[{"id":5866,"href":"https:\/\/mitue.de\/index.php?rest_route=\/wp\/v2\/posts\/5865\/revisions\/5866"}],"wp:attachment":[{"href":"https:\/\/mitue.de\/index.php?rest_route=%2Fwp%2Fv2%2Fmedia&parent=5865"}],"wp:term":[{"taxonomy":"category","embeddable":true,"href":"https:\/\/mitue.de\/index.php?rest_route=%2Fwp%2Fv2%2Fcategories&post=5865"},{"taxonomy":"post_tag","embeddable":true,"href":"https:\/\/mitue.de\/index.php?rest_route=%2Fwp%2Fv2%2Ftags&post=5865"}],"curies":[{"name":"wp","href":"https:\/\/api.w.org\/{rel}","templated":true}]}}