{"id":5882,"date":"2017-03-24T09:47:52","date_gmt":"2017-03-24T08:47:52","guid":{"rendered":"http:\/\/mitue.de\/?p=5882"},"modified":"2017-03-24T09:47:52","modified_gmt":"2017-03-24T08:47:52","slug":"im-ruth-andreas-friedrich-park","status":"publish","type":"post","link":"https:\/\/mitue.de\/?p=5882","title":{"rendered":"Im Ruth Andreas-Friedrich Park"},"content":{"rendered":"<p><a href=\"https:\/\/www.flickr.com\/photos\/mitue\/32776988914\/in\/dateposted\/\" title=\"Ruth Andreas Friedrich Park\"><img loading=\"lazy\" decoding=\"async\" src=\"https:\/\/c1.staticflickr.com\/3\/2911\/32776988914_128540a0f9.jpg\" width=\"500\" height=\"375\" alt=\"Ruth Andreas Friedrich Park\"><\/a><br \/>\n<a href=\"https:\/\/de.wikipedia.org\/wiki\/Ruth_Andreas-Friedrich\">Ruth Andreas-Friedrich<\/a>  Park<\/p>\n<p><a href=\"https:\/\/www.flickr.com\/photos\/mitue\/33451445302\/in\/dateposted\/\" title=\"Gew\u00e4chshaus 2\"><img loading=\"lazy\" decoding=\"async\" src=\"https:\/\/c1.staticflickr.com\/3\/2905\/33451445302_398933e5d6.jpg\" width=\"500\" height=\"375\" alt=\"Gew\u00e4chshaus 2\"><\/a><br \/>\nAuf dem Fichtenberg kann man die Gew\u00e4chsh\u00e4user des Botanischen Gartens sehen.<\/p>\n<p><a href=\"https:\/\/www.flickr.com\/photos\/mitue\/33462950902\/in\/dateposted\/\" title=\"Friedrich Paulsen\"><img loading=\"lazy\" decoding=\"async\" src=\"https:\/\/c1.staticflickr.com\/3\/2934\/33462950902_90ef9ee458.jpg\" width=\"500\" height=\"369\" alt=\"Friedrich Paulsen\"><\/a><br \/>\nFriedrich Paulsen B\u00fcste<\/p>\n<blockquote><p> 1911 wurde im Auftrag der \u201eDeutschen Oberlehrer\u201c im \u201ePark am Fichtenberg\u201c (Heute Ruth-Andreas-Friedrich-Park) in Steglitz ein Denkmal f\u00fcr <a href=\"https:\/\/de.wikipedia.org\/wiki\/Friedrich_Paulsen\">Friedrich Paulsen<\/a> errichtet. Die verschollene Originalb\u00fcste wurde 1959 durch eine B\u00fcste Paulsens von der Hand der Bildhauerin Magdalena M\u00fcller-Martin ersetzt.<\/p><\/blockquote>\n<p><a href=\"https:\/\/www.flickr.com\/photos\/mitue\/33451951302\/in\/dateposted\/\" title=\"B\u00e4renbrunnen\"><img loading=\"lazy\" decoding=\"async\" src=\"https:\/\/c1.staticflickr.com\/3\/2919\/33451951302_dda79a418f.jpg\" width=\"500\" height=\"500\" alt=\"B\u00e4renbrunnen\"><\/a><br \/>\nB\u00e4renbrunnen<\/p>\n","protected":false},"excerpt":{"rendered":"<p>Ruth Andreas-Friedrich Park Auf dem Fichtenberg kann man die Gew\u00e4chsh\u00e4user des Botanischen Gartens sehen. Friedrich Paulsen B\u00fcste 1911 wurde im Auftrag der \u201eDeutschen Oberlehrer\u201c im \u201ePark am Fichtenberg\u201c (Heute Ruth-Andreas-Friedrich-Park) in Steglitz ein Denkmal f\u00fcr Friedrich Paulsen errichtet. Die verschollene Originalb\u00fcste wurde 1959 durch eine B\u00fcste Paulsens von der Hand der Bildhauerin Magdalena M\u00fcller-Martin ersetzt. [&hellip;]<\/p>\n","protected":false},"author":1,"featured_media":0,"comment_status":"open","ping_status":"closed","sticky":false,"template":"","format":"standard","meta":{"footnotes":""},"categories":[4],"tags":[],"class_list":["post-5882","post","type-post","status-publish","format-standard","hentry","category-berlin"],"_links":{"self":[{"href":"https:\/\/mitue.de\/index.php?rest_route=\/wp\/v2\/posts\/5882","targetHints":{"allow":["GET"]}}],"collection":[{"href":"https:\/\/mitue.de\/index.php?rest_route=\/wp\/v2\/posts"}],"about":[{"href":"https:\/\/mitue.de\/index.php?rest_route=\/wp\/v2\/types\/post"}],"author":[{"embeddable":true,"href":"https:\/\/mitue.de\/index.php?rest_route=\/wp\/v2\/users\/1"}],"replies":[{"embeddable":true,"href":"https:\/\/mitue.de\/index.php?rest_route=%2Fwp%2Fv2%2Fcomments&post=5882"}],"version-history":[{"count":1,"href":"https:\/\/mitue.de\/index.php?rest_route=\/wp\/v2\/posts\/5882\/revisions"}],"predecessor-version":[{"id":5883,"href":"https:\/\/mitue.de\/index.php?rest_route=\/wp\/v2\/posts\/5882\/revisions\/5883"}],"wp:attachment":[{"href":"https:\/\/mitue.de\/index.php?rest_route=%2Fwp%2Fv2%2Fmedia&parent=5882"}],"wp:term":[{"taxonomy":"category","embeddable":true,"href":"https:\/\/mitue.de\/index.php?rest_route=%2Fwp%2Fv2%2Fcategories&post=5882"},{"taxonomy":"post_tag","embeddable":true,"href":"https:\/\/mitue.de\/index.php?rest_route=%2Fwp%2Fv2%2Ftags&post=5882"}],"curies":[{"name":"wp","href":"https:\/\/api.w.org\/{rel}","templated":true}]}}