{"id":5903,"date":"2017-04-04T15:39:39","date_gmt":"2017-04-04T14:39:39","guid":{"rendered":"http:\/\/mitue.de\/?p=5903"},"modified":"2017-04-05T15:05:55","modified_gmt":"2017-04-05T14:05:55","slug":"the-haus","status":"publish","type":"post","link":"https:\/\/mitue.de\/?p=5903","title":{"rendered":"The Haus"},"content":{"rendered":"<blockquote><p>Dem leerstehenden Geb\u00e4ude in der N\u00fcrnberger Stra\u00dfe unweit des Kurf\u00fcrstendamms und direkt neben dem Crowne Plaza Hotel wird mit dem Streetart-Projekt <i>The Haus<\/i> ein letztes Mal neues Leben eingehaucht und richtet sich mit der Ausstellung an alle Kunstinteressierten in der Hauptstadt. Das Besondere an <i>The Haus<\/i> ist auch: Das Geb\u00e4ude wird im Juni 2017 mitsamt der Ausstellung abgerissen.<br \/>\n(mehr <a href=\"https:\/\/www.berlin.de\/kultur-und-tickets\/tipps\/kunst\/4737890-2280137-the-haus.html\">hier<\/a>)<\/p><\/blockquote>\n<p><a title=\"BerlinArtBang\" href=\"https:\/\/www.flickr.com\/photos\/mitue\/32993298064\/in\/dateposted\/\"><img loading=\"lazy\" decoding=\"async\" src=\"https:\/\/c1.staticflickr.com\/4\/3851\/32993298064_ee436c7972.jpg\" alt=\"BerlinArtBang\" width=\"500\" height=\"375\" \/><\/a><\/p>\n<p align=\"justify\">Seht ihr die Schlange Kunstinteressierter? Das war heute gegen 11.30 Uhr am <a href=\"http:\/\/www.thehaus.de\/home--thehaus.html#home\">The Haus<\/a>. Anstehen ist nichts f\u00fcr uns. Wir versuchen es ein anderes Mal und tr\u00f6sten uns mit einigen in Berlin, Eberswalde und Leipzig gesehenen Arbeiten.<\/p>\n<p><a title=\"20161023_21\" href=\"https:\/\/www.flickr.com\/photos\/mitue\/29889046533\/in\/photolist-Mxcbdv-Nicqgt-N7VjX1-N7Vm7q-NaAGmH-Nf3gDW-NaAERi-N7VhEW-MDpdvJ-MJitpu-MywaZP-Mr8HrQ-MmVGc8-LJJMLM-L6R1by-KRMn2g-JVs4Jv-KcLv9V-KiWqfA-HVGqpQ-JreTGL-JfCspS-HGSVVm-JyvyWr-HKarfi-JFnBqn-HGPBE8-Ju3Ntq-HZRwHL-JqpyXH-JgrXHQ-Jouqce-Hz8Rha-GvVmeS-H2cEoN-H2cDL5-GqQiG9-Gt8D1T-EZ5ox5-E1XUSf-DSS43j-D6TXvK-o3TZEq-jEXeKQ-CbQvUP-BqSM8W-AxF7h2-zUceQW-AbM7Ma-zUc5Em\"><img loading=\"lazy\" decoding=\"async\" src=\"https:\/\/c1.staticflickr.com\/9\/8617\/29889046533_0112b2cac5.jpg\" alt=\"20161023_21\" width=\"500\" height=\"436\" \/><\/a><\/p>\n<p><a title=\"20161017 02\" href=\"https:\/\/www.flickr.com\/photos\/mitue\/30270718892\/in\/photolist-N7Vm7q-NaAGmH-Nf3gDW-NaAERi-N7VhEW-MDpdvJ-MJitpu-MywaZP-Mr8HrQ-MmVGc8-LJJMLM-L6R1by-KRMn2g-JVs4Jv-KcLv9V-KiWqfA-HVGqpQ-JreTGL-JfCspS-HGSVVm-JyvyWr-HKarfi-JFnBqn-HGPBE8-Ju3Ntq-HZRwHL-JqpyXH-JgrXHQ-Jouqce-Hz8Rha-GvVmeS-H2cEoN-H2cDL5-GqQiG9-Gt8D1T-EZ5ox5-E1XUSf-DSS43j-D6TXvK-o3TZEq-jEXeKQ-CbQvUP-BqSM8W-AxF7h2-zUceQW-AbM7Ma-zUc5Em-zUcj69-zUcnVy-vLfBTC\"><img loading=\"lazy\" decoding=\"async\" src=\"https:\/\/c1.staticflickr.com\/9\/8137\/30270718892_92bec71e04.jpg\" alt=\"20161017 02\" width=\"500\" height=\"333\" \/><\/a><\/p>\n<p><a title=\"EA17 10\" href=\"https:\/\/www.flickr.com\/photos\/mitue\/28945841372\/in\/photolist-L6R1by-KRMn2g-JVs4Jv-KcLv9V-KiWqfA-HVGqpQ-JreTGL-JfCspS-HGSVVm-JyvyWr-HKarfi-JFnBqn-HGPBE8-Ju3Ntq-HZRwHL-JqpyXH-JgrXHQ-Jouqce-Hz8Rha-GvVmeS-H2cEoN-H2cDL5-GqQiG9-Gt8D1T-EZ5ox5-E1XUSf-DSS43j-D6TXvK-o3TZEq-jEXeKQ-CbQvUP-BqSM8W-AxF7h2-zUceQW-AbM7Ma-zUc5Em-zUcj69-zUcnVy-vLfBTC-vCrtwK-wmQDRM-uLfxSV-vEZ5BT-sqEghM-r4DyUM-qMeXiC-qu2nwg-pT4PGe-oYN9EA-pHgLJr\"><img loading=\"lazy\" decoding=\"async\" src=\"https:\/\/c1.staticflickr.com\/9\/8177\/28945841372_e690000b87.jpg\" alt=\"EA17 10\" width=\"500\" height=\"396\" \/><\/a><\/p>\n<p><a title=\"Spaz035 21\" href=\"https:\/\/www.flickr.com\/photos\/mitue\/28012544105\/in\/photolist-JFnBqn-HGPBE8-Ju3Ntq-HZRwHL-JqpyXH-JgrXHQ-Jouqce-Hz8Rha-GvVmeS-H2cEoN-H2cDL5-GqQiG9-Gt8D1T-EZ5ox5-E1XUSf-DSS43j-D6TXvK-o3TZEq-jEXeKQ-CbQvUP-BqSM8W-AxF7h2-zUceQW-AbM7Ma-zUc5Em-zUcj69-zUcnVy-vLfBTC-vCrtwK-wmQDRM-uLfxSV-vEZ5BT-sqEghM-r4DyUM-qMeXiC-qu2nwg-pT4PGe-oYN9EA-pHgLJr-pTYFFy-pwbpsf-pLwRQj-pL31we-ptAiq5-p8HKVq-ptUz3q-ptE4d2-pqeXCL-p6kCdP-oUWMtg\"><img loading=\"lazy\" decoding=\"async\" src=\"https:\/\/c1.staticflickr.com\/8\/7416\/28012544105_bfae9ec0ee.jpg\" alt=\"Spaz035 21\" width=\"500\" height=\"331\" \/><\/a><\/p>\n<p><a title=\"Fassade\" href=\"https:\/\/www.flickr.com\/photos\/mitue\/12255226106\/in\/photolist-jEXeKQ-CbQvUP-BqSM8W-AxF7h2-zUceQW-AbM7Ma-zUc5Em-zUcj69-zUcnVy-vLfBTC-vCrtwK-wmQDRM-uLfxSV-vEZ5BT-sqEghM-r4DyUM-qMeXiC-qu2nwg-pT4PGe-oYN9EA-pHgLJr-pTYFFy-pwbpsf-pLwRQj-pL31we-ptAiq5-p8HKVq-ptUz3q-ptE4d2-pqeXCL-p6kCdP-oUWMtg-pap4bb-oUWPKR-pcoZUL-oUW9k1-oB9oPt-otbM79-ofZBgg-nMaZhQ-nKdtjx-nqWn3u-nahQJF-nckAWV-kuRwB7-k7yd64-hoXHtg-hoXmbg-fxuvJi-duWLjh\"><img loading=\"lazy\" decoding=\"async\" src=\"https:\/\/c1.staticflickr.com\/6\/5528\/12255226106_a160a9e4fe.jpg\" alt=\"Fassade\" width=\"500\" height=\"333\" \/><\/a><\/p>\n<p><a title=\"Fassade02\" href=\"https:\/\/www.flickr.com\/photos\/mitue\/22250438218\/in\/photolist-zUcj69-zUcnVy-vLfBTC-vCrtwK-wmQDRM-uLfxSV-vEZ5BT-sqEghM-r4DyUM-qMeXiC-qu2nwg-pT4PGe-oYN9EA-pHgLJr-pTYFFy-pwbpsf-pLwRQj-pL31we-ptAiq5-p8HKVq-ptUz3q-ptE4d2-pqeXCL-p6kCdP-oUWMtg-pap4bb-oUWPKR-pcoZUL-oUW9k1-oB9oPt-otbM79-ofZBgg-nMaZhQ-nKdtjx-nqWn3u-nahQJF-nckAWV-kuRwB7-k7yd64-hoXHtg-hoXmbg-fxuvJi-duWLjh-aMPhji-9pZjNK-67BiAt-hoY73y-hcbi6e-hcbduR-gLs9NZ\"><img loading=\"lazy\" decoding=\"async\" src=\"https:\/\/c1.staticflickr.com\/6\/5724\/22250438218_c7d6656c73.jpg\" alt=\"Fassade02\" width=\"500\" height=\"333\" \/><\/a><\/p>\n<p><a title=\"There is something\" href=\"https:\/\/www.flickr.com\/photos\/mitue\/15409176101\/in\/photolist-ptE4d2-pqeXCL-p6kCdP-oUWMtg-pap4bb-oUWPKR-pcoZUL-oUW9k1-oB9oPt-otbM79-ofZBgg-nMaZhQ-nKdtjx-nqWn3u-nahQJF-nckAWV-kuRwB7-k7yd64-hoXHtg-hoXmbg-fxuvJi-duWLjh-aMPhji-9pZjNK-67BiAt-hoY73y-hcbi6e-hcbduR-gLs9NZ-guYUsD-gs6Q7j-fztrCT-fAphcN-fALwyB-fDRoTf-fxug6H-feE9q6-faLwb6-e2G2We-dxrC8M-dxx5Kf-dxEd8k-dmATNd-djhyCt-djhGPD-cU55BU-bXmGWv-bWdUZM-bN2h7D-byB29T\"><img loading=\"lazy\" decoding=\"async\" src=\"https:\/\/c1.staticflickr.com\/4\/3929\/15409176101_a2341690cc.jpg\" alt=\"There is something\" width=\"500\" height=\"333\" \/><\/a><\/p>\n<p><a title=\"Fassade\" href=\"https:\/\/www.flickr.com\/photos\/mitue\/3448405982\/in\/photolist-6fHYXy-6fHZe5-6fC3qp-67BmeM-67FvL5-67Fvb3-67Bi14-67FwR3-62ee2o-63fQsJ-5WDFXi-5WDFkc-5WHVbW-5WHTxh-5WDEdt-5WDDGe-5WHSry-5WHT7U-5Lqp2a-57dAAZ-57hMzQ-5WHRvb-5WDAEr-5WHQoG-5WDz1x-5WDyyk-5WHPW1-5RJLCu-5REU12-5QXega-5PdAZB-5LuCWq-5JyUea-5Jjq4P-5JpYS7-5JoFbY-5Jq1j5-5JpZAy-5JpZaG-5JkJen-5FasmJ-5wJFvr-5cT5wp-4De8fN-4wpxbh-4s7v6H-4wFN1Z-4wFMGZ-4dJbWS-4dEbyx\"><img loading=\"lazy\" decoding=\"async\" src=\"https:\/\/c1.staticflickr.com\/4\/3377\/3448405982_861b0575e9.jpg\" alt=\"Fassade\" width=\"500\" height=\"333\" \/><\/a><\/p>\n<p style=\"padding-left: 30px;\">In der, laut Kollektiv, \u201egr\u00f6\u00dften Urban Art Gallery der Welt\u201c, verteilen sich die K\u00fcnstler_innen \u00fcber die Stockwerke, erobern sich ihre \u201eSpaces\u201c. Von diesen gibt es, auch f\u00fcr die Presse, keine Fotos, nur kleine \u201eTeaser\u201c. Die Besucher_innen sollen sich von den Raumkonzepten selbst ein Bild machen. Auch in der Ausstellung, die am 1. April er\u00f6ffnet wird, gibt es ein absolutes Fotografier-Verbot. Alle Ger\u00e4te werden eingesammelt &#8211; \u201edigitales Fasten\u201c nennen es das Kollektiv. Dokumentiert wird das Projekt mit THE BOOK, dessen Ver\u00f6ffentlichung zeitgleich mit der Er\u00f6ffnung geplant ist und ebenfalls der Refinanzierung dienen wird.<br \/>\n(mehr<a href=\"http:\/\/www.art-in-berlin.de\/incbmeld.php?id=4222\"> hier<\/a>)<\/p>\n","protected":false},"excerpt":{"rendered":"<p>Dem leerstehenden Geb\u00e4ude in der N\u00fcrnberger Stra\u00dfe unweit des Kurf\u00fcrstendamms und direkt neben dem Crowne Plaza Hotel wird mit dem Streetart-Projekt The Haus ein letztes Mal neues Leben eingehaucht und richtet sich mit der Ausstellung an alle Kunstinteressierten in der Hauptstadt. Das Besondere an The Haus ist auch: Das Geb\u00e4ude wird im Juni 2017 mitsamt [&hellip;]<\/p>\n","protected":false},"author":1,"featured_media":0,"comment_status":"open","ping_status":"closed","sticky":false,"template":"","format":"standard","meta":{"footnotes":""},"categories":[5],"tags":[12],"class_list":["post-5903","post","type-post","status-publish","format-standard","hentry","category-ausstellungen","tag-streetart"],"_links":{"self":[{"href":"https:\/\/mitue.de\/index.php?rest_route=\/wp\/v2\/posts\/5903","targetHints":{"allow":["GET"]}}],"collection":[{"href":"https:\/\/mitue.de\/index.php?rest_route=\/wp\/v2\/posts"}],"about":[{"href":"https:\/\/mitue.de\/index.php?rest_route=\/wp\/v2\/types\/post"}],"author":[{"embeddable":true,"href":"https:\/\/mitue.de\/index.php?rest_route=\/wp\/v2\/users\/1"}],"replies":[{"embeddable":true,"href":"https:\/\/mitue.de\/index.php?rest_route=%2Fwp%2Fv2%2Fcomments&post=5903"}],"version-history":[{"count":4,"href":"https:\/\/mitue.de\/index.php?rest_route=\/wp\/v2\/posts\/5903\/revisions"}],"predecessor-version":[{"id":5911,"href":"https:\/\/mitue.de\/index.php?rest_route=\/wp\/v2\/posts\/5903\/revisions\/5911"}],"wp:attachment":[{"href":"https:\/\/mitue.de\/index.php?rest_route=%2Fwp%2Fv2%2Fmedia&parent=5903"}],"wp:term":[{"taxonomy":"category","embeddable":true,"href":"https:\/\/mitue.de\/index.php?rest_route=%2Fwp%2Fv2%2Fcategories&post=5903"},{"taxonomy":"post_tag","embeddable":true,"href":"https:\/\/mitue.de\/index.php?rest_route=%2Fwp%2Fv2%2Ftags&post=5903"}],"curies":[{"name":"wp","href":"https:\/\/api.w.org\/{rel}","templated":true}]}}