{"id":5951,"date":"2017-05-01T04:55:37","date_gmt":"2017-05-01T03:55:37","guid":{"rendered":"http:\/\/mitue.de\/?p=5951"},"modified":"2017-05-01T04:55:37","modified_gmt":"2017-05-01T03:55:37","slug":"zeitlaich","status":"publish","type":"post","link":"https:\/\/mitue.de\/?p=5951","title":{"rendered":"ZEITLAICH"},"content":{"rendered":"<p><a href=\"https:\/\/www.flickr.com\/photos\/mitue\/34204155432\/in\/dateposted\/\" title=\"20170429 59\"><img loading=\"lazy\" decoding=\"async\" src=\"https:\/\/c1.staticflickr.com\/3\/2835\/34204155432_2c9c4d809d.jpg\" width=\"500\" height=\"375\" alt=\"20170429 59\"><\/a><\/p>\n<blockquote class=\"twitter-tweet\" data-lang=\"de\">\n<p lang=\"de\" dir=\"ltr\">Wir treffen uns heute bei der Wanderung entlang Jonas Burgerts Gem\u00e4lde.<br \/># Kunstspazierg\u00e4ngersMorgengru\u00df<\/p>\n<p>&mdash; Kunstspazierg\u00e4nger (@mitue) <a href=\"https:\/\/twitter.com\/mitue\/status\/858193573434580992\">29. April 2017<\/a><\/p><\/blockquote>\n<p><script async src=\"\/\/platform.twitter.com\/widgets.js\" charset=\"utf-8\"><\/script><\/p>\n<p><a href=\"https:\/\/www.flickr.com\/photos\/mitue\/33978148010\/in\/dateposted\/\" title=\"20170429 67\"><img loading=\"lazy\" decoding=\"async\" src=\"https:\/\/c1.staticflickr.com\/5\/4192\/33978148010_9f0b7dc827.jpg\" width=\"500\" height=\"364\" alt=\"20170429 67\"><\/a><\/p>\n<p><a href=\"https:\/\/www.flickr.com\/photos\/mitue\/33978151680\/in\/dateposted\/\" title=\"20170429 66\"><img loading=\"lazy\" decoding=\"async\" src=\"https:\/\/c1.staticflickr.com\/3\/2891\/33978151680_719f718eaa.jpg\" width=\"500\" height=\"388\" alt=\"20170429 66\"><\/a><\/p>\n<blockquote><p>Den gr\u00f6\u00dften Auftritt auf dem &#8222;Gallery Weekend&#8220; hat in diesem Jahr der Berliner Maler Jonas Burgert mit &#8222;<a href=\"http:\/\/www.kunstleben-berlin.de\/blainsouthern-praesentiert-jonas-burgert-mit-zeitlaich\/\">Zeitlaich<\/a>&#8220; &#8211; 22 Meter ist sein bisher gr\u00f6\u00dftes \u00d6lgem\u00e4lde lang. Nur mit einer Hebeb\u00fchne schaffen es die Arbeiter, das Gro\u00dfwerk an die riesige Wand der Sch\u00f6neberger Galerie Blain Southern zu wuchten. Auf der gigantischen Leinwand: Eine d\u00fcstere und chaotische Welt. Ein wildes und farbenreiches Durcheinander. Ein Mann im Dreiteiler mit entr\u00fccktem Blick trifft auf wilde Bestien, orange Totensch\u00e4del und ein kopfloses Zebra:<\/p>\n<p>Jonas Burgert: &#8222;Ich hatte so das Gef\u00fchl, ich m\u00f6chte mal diese ma\u00dflose \u00dcberforderung, die wir haben, die m\u00f6chte ich auch mal da haben. Ich m\u00f6chte diese Ballung von Irritation zeigen. Habe ich am Ende nicht nur einen Haufen von, vielleicht sch\u00f6nem, geistigen Dreck, den ich da male?&#8220;<br \/>\n(mehr <a href=\"http:\/\/www.deutschlandfunk.de\/gallery-weekend-in-berlin-kunst-direkt-vom-kuenstler.807.de.html?dram:article_id=384797\">hier<\/a>)<\/p><\/blockquote>\n","protected":false},"excerpt":{"rendered":"<p>Wir treffen uns heute bei der Wanderung entlang Jonas Burgerts Gem\u00e4lde.# Kunstspazierg\u00e4ngersMorgengru\u00df &mdash; Kunstspazierg\u00e4nger (@mitue) 29. April 2017 Den gr\u00f6\u00dften Auftritt auf dem &#8222;Gallery Weekend&#8220; hat in diesem Jahr der Berliner Maler Jonas Burgert mit &#8222;Zeitlaich&#8220; &#8211; 22 Meter ist sein bisher gr\u00f6\u00dftes \u00d6lgem\u00e4lde lang. Nur mit einer Hebeb\u00fchne schaffen es die Arbeiter, das Gro\u00dfwerk [&hellip;]<\/p>\n","protected":false},"author":1,"featured_media":0,"comment_status":"open","ping_status":"closed","sticky":false,"template":"","format":"standard","meta":{"footnotes":""},"categories":[5],"tags":[654],"class_list":["post-5951","post","type-post","status-publish","format-standard","hentry","category-ausstellungen","tag-galerie-blainsouthern"],"_links":{"self":[{"href":"https:\/\/mitue.de\/index.php?rest_route=\/wp\/v2\/posts\/5951","targetHints":{"allow":["GET"]}}],"collection":[{"href":"https:\/\/mitue.de\/index.php?rest_route=\/wp\/v2\/posts"}],"about":[{"href":"https:\/\/mitue.de\/index.php?rest_route=\/wp\/v2\/types\/post"}],"author":[{"embeddable":true,"href":"https:\/\/mitue.de\/index.php?rest_route=\/wp\/v2\/users\/1"}],"replies":[{"embeddable":true,"href":"https:\/\/mitue.de\/index.php?rest_route=%2Fwp%2Fv2%2Fcomments&post=5951"}],"version-history":[{"count":1,"href":"https:\/\/mitue.de\/index.php?rest_route=\/wp\/v2\/posts\/5951\/revisions"}],"predecessor-version":[{"id":5952,"href":"https:\/\/mitue.de\/index.php?rest_route=\/wp\/v2\/posts\/5951\/revisions\/5952"}],"wp:attachment":[{"href":"https:\/\/mitue.de\/index.php?rest_route=%2Fwp%2Fv2%2Fmedia&parent=5951"}],"wp:term":[{"taxonomy":"category","embeddable":true,"href":"https:\/\/mitue.de\/index.php?rest_route=%2Fwp%2Fv2%2Fcategories&post=5951"},{"taxonomy":"post_tag","embeddable":true,"href":"https:\/\/mitue.de\/index.php?rest_route=%2Fwp%2Fv2%2Ftags&post=5951"}],"curies":[{"name":"wp","href":"https:\/\/api.w.org\/{rel}","templated":true}]}}