{"id":6045,"date":"2017-06-28T09:12:43","date_gmt":"2017-06-28T08:12:43","guid":{"rendered":"http:\/\/mitue.de\/?p=6045"},"modified":"2017-06-28T09:12:43","modified_gmt":"2017-06-28T08:12:43","slug":"zeichnungen-in-teer","status":"publish","type":"post","link":"https:\/\/mitue.de\/?p=6045","title":{"rendered":"Zeichnungen in Teer"},"content":{"rendered":"<p><a href=\"https:\/\/www.flickr.com\/photos\/mitue\/34731093854\/in\/dateposted\/\" title=\"20170627 27\"><img loading=\"lazy\" decoding=\"async\" src=\"https:\/\/c1.staticflickr.com\/5\/4286\/34731093854_f0e5750da2.jpg\" width=\"500\" height=\"333\" alt=\"20170627 27\"><\/a><\/p>\n<p align=\"justify\">&#8222;Wei\u00dft du, man kann alles von Menschenhand Gefertigte f\u00fcr Kunst halten. Kennst du <i>Die Form der Zeit<\/i> von <a href=\"https:\/\/de.wikipedia.org\/wiki\/George_Kubler\">Kubler<\/a>?&#8220;<br \/>\n&#8230;<br \/>\n&#8222;Nein? Dann lass mich dir etwas vorlesen.&#8220;<br \/>\n&#8230;<br \/>\n&#8222;Wie die falsche Schildkr\u00f6te r\u00e4t, beginne ich mit dem Anfang.<\/p>\n<p><i>Nehmen wir einmal an, die Idee der Kunst k\u00f6nnte dahin erweitert werden, dass sie alle von Menschen geschaffenen Dinge umfasste, einschlie\u00dflich aller Werkzeuge und alles Geschriebenen, das zu den nutzlosen, den sch\u00f6nen und poetischen Dingen der Welt hinzuk\u00e4me. Unter diesem Blickwinkel w\u00fcrde das Universum der vom Menschen geschaffenen Dinge ganz einfach mit der Geschichte der Kunst identisch sein.<\/i>&#8220;<\/p>\n<p>(aus: <a href=\"http:\/\/www.johnwray.net\/\">John Wray<\/a> <a href=\"https:\/\/www.perlentaucher.de\/buch\/john-wray\/das-geheimnis-der-verlorenen-zeit.html\"><i>Das Geheimnis der verlorenen Zeit<\/i><\/a>)<\/p>\n<p><a href=\"https:\/\/www.flickr.com\/photos\/mitue\/34731106884\/in\/dateposted\/\" title=\"20170627 25\"><img loading=\"lazy\" decoding=\"async\" src=\"https:\/\/c1.staticflickr.com\/5\/4290\/34731106884_f80eca8506.jpg\" width=\"500\" height=\"333\" alt=\"20170627 25\"><\/a><\/p>\n<p><a href=\"https:\/\/www.flickr.com\/photos\/mitue\/35533525196\/in\/dateposted\/\" title=\"20170627 23\"><img loading=\"lazy\" decoding=\"async\" src=\"https:\/\/c1.staticflickr.com\/5\/4237\/35533525196_8d813442c5.jpg\" width=\"500\" height=\"333\" alt=\"20170627 23\"><\/a><\/p>\n","protected":false},"excerpt":{"rendered":"<p>&#8222;Wei\u00dft du, man kann alles von Menschenhand Gefertigte f\u00fcr Kunst halten. Kennst du Die Form der Zeit von Kubler?&#8220; &#8230; &#8222;Nein? Dann lass mich dir etwas vorlesen.&#8220; &#8230; &#8222;Wie die falsche Schildkr\u00f6te r\u00e4t, beginne ich mit dem Anfang. Nehmen wir einmal an, die Idee der Kunst k\u00f6nnte dahin erweitert werden, dass sie alle von Menschen [&hellip;]<\/p>\n","protected":false},"author":1,"featured_media":0,"comment_status":"open","ping_status":"closed","sticky":false,"template":"","format":"standard","meta":{"footnotes":""},"categories":[6],"tags":[],"class_list":["post-6045","post","type-post","status-publish","format-standard","hentry","category-promenadologie"],"_links":{"self":[{"href":"https:\/\/mitue.de\/index.php?rest_route=\/wp\/v2\/posts\/6045","targetHints":{"allow":["GET"]}}],"collection":[{"href":"https:\/\/mitue.de\/index.php?rest_route=\/wp\/v2\/posts"}],"about":[{"href":"https:\/\/mitue.de\/index.php?rest_route=\/wp\/v2\/types\/post"}],"author":[{"embeddable":true,"href":"https:\/\/mitue.de\/index.php?rest_route=\/wp\/v2\/users\/1"}],"replies":[{"embeddable":true,"href":"https:\/\/mitue.de\/index.php?rest_route=%2Fwp%2Fv2%2Fcomments&post=6045"}],"version-history":[{"count":1,"href":"https:\/\/mitue.de\/index.php?rest_route=\/wp\/v2\/posts\/6045\/revisions"}],"predecessor-version":[{"id":6046,"href":"https:\/\/mitue.de\/index.php?rest_route=\/wp\/v2\/posts\/6045\/revisions\/6046"}],"wp:attachment":[{"href":"https:\/\/mitue.de\/index.php?rest_route=%2Fwp%2Fv2%2Fmedia&parent=6045"}],"wp:term":[{"taxonomy":"category","embeddable":true,"href":"https:\/\/mitue.de\/index.php?rest_route=%2Fwp%2Fv2%2Fcategories&post=6045"},{"taxonomy":"post_tag","embeddable":true,"href":"https:\/\/mitue.de\/index.php?rest_route=%2Fwp%2Fv2%2Ftags&post=6045"}],"curies":[{"name":"wp","href":"https:\/\/api.w.org\/{rel}","templated":true}]}}