{"id":6112,"date":"2017-08-13T10:17:54","date_gmt":"2017-08-13T09:17:54","guid":{"rendered":"http:\/\/mitue.de\/?p=6112"},"modified":"2017-08-13T10:17:54","modified_gmt":"2017-08-13T09:17:54","slug":"skulpturprojekte-muenster-2017-1","status":"publish","type":"post","link":"https:\/\/mitue.de\/?p=6112","title":{"rendered":"Skulpturprojekte M\u00fcnster 2017 (1)"},"content":{"rendered":"<p><a href=\"https:\/\/www.flickr.com\/photos\/mitue\/35727950583\/in\/dateposted\/\" title=\"M\u00fcnster17 001\"><img loading=\"lazy\" decoding=\"async\" src=\"https:\/\/farm5.staticflickr.com\/4408\/35727950583_4ffd230c25.jpg\" width=\"500\" height=\"342\" alt=\"M\u00fcnster17 001\"><\/a><\/p>\n<p align=\"justify\">Zum ersten Mal besuchten wir M\u00fcnster vor 10 Jahren. Von den <a href=\"http:\/\/mitue.de\/?p=145\">Skulpturprojekten 2007<\/a> waren wir begeistert. Auch diesmal sind wir mittendrin, haben aber leider nur einen Tag Zeit.<\/p>\n<p><a href=\"https:\/\/www.flickr.com\/photos\/mitue\/12270891683\/in\/photolist-XEDvTR-X4B2sm-X4B14u-Wra6oP-X4AYxo-Wra5yH-zcoCoc-yfn6ds-rBJMyD-jGkwzZ-gwQ5zP-fMrtDN-aBAdEG-81v9qg-7Z8F8h-7Z5rSB-7Z8ENq-7Lp1Fg-6o4m9E-3LhAfF-3bhqdd-33SUnT-2ZhWbC-2CQm6G-2CKUKe-2CJNag-2CPh5y-2CPfTC-2CPj1A-2CPicL-2CJMdp-KjYk1-CzedC-pTrb6-9qTQ6-6dxSD-6dxPD-4gfZUj\" title=\"20140201_07\"><img loading=\"lazy\" decoding=\"async\" src=\"https:\/\/farm8.staticflickr.com\/7357\/12270891683_6f4b69f10f.jpg\" width=\"500\" height=\"333\" alt=\"20140201_07\"><\/a><\/p>\n<p align=\"justify\">Wo ist eigentlich Moores Bogensch\u00fctze vor der Neuen Nationalgalerie in Berlin geblieben? Wir haben ihn gefunden: Er steht nun in M\u00fcnster vor der Galerie des Westf\u00e4lischen Kunstvereins. <\/p>\n<p><a href=\"https:\/\/www.flickr.com\/photos\/mitue\/36536968795\/in\/dateposted\/\" title=\"M\u00fcnster17 006\"><img loading=\"lazy\" decoding=\"async\" src=\"https:\/\/farm5.staticflickr.com\/4364\/36536968795_d7fc7f5e77.jpg\" width=\"500\" height=\"342\" alt=\"M\u00fcnster17 006\"><\/a><\/p>\n<p><a href=\"https:\/\/www.flickr.com\/photos\/mitue\/36140400850\/in\/dateposted\/\" title=\"M\u00fcnster17 003\"><img loading=\"lazy\" decoding=\"async\" src=\"https:\/\/farm5.staticflickr.com\/4400\/36140400850_2652bdd5ec.jpg\" width=\"500\" height=\"342\" alt=\"M\u00fcnster17 003\"><\/a><\/p>\n<p align=\"justify\">Hoffentlich hat man das Kunstst\u00fcck nur ausgeliehen. <a href=\"https:\/\/de.wikipedia.org\/wiki\/Cosima_von_Bonin\">Bonin<\/a> und <a href=\"https:\/\/en.wikipedia.org\/wiki\/Tom_Burr\">Burr<\/a> haben zur Sicherheit einen Tieflader mit einer gro\u00dfen Umzugskiste vor der Skulptur platziert: Bei Beendigung der Bauarbeiten an der Neuen Nationalgalerie muss &#8222;The Archer&#8220; wieder nach Berlin zur\u00fcck.<\/p>\n<p><a href=\"https:\/\/www.flickr.com\/photos\/mitue\/35727949233\/in\/dateposted\/\" title=\"M\u00fcnster17 007\"><img loading=\"lazy\" decoding=\"async\" src=\"https:\/\/farm5.staticflickr.com\/4435\/35727949233_97f62ddf57.jpg\" width=\"500\" height=\"342\" alt=\"M\u00fcnster17 007\"><\/a><\/p>\n<p align=\"justify\">In M\u00fcnster gibt es ja schon einen Moore, aber es ist trotzdem gut, dass Bonin und Burr daran erinnern, dass der Bogensch\u00fctze nur eine Leihgabe ist.<\/p>\n<p><a href=\"https:\/\/www.flickr.com\/photos\/mitue\/36537616625\/in\/dateposted\/\" title=\"M\u00fcnster17 014\"><img loading=\"lazy\" decoding=\"async\" src=\"https:\/\/farm5.staticflickr.com\/4389\/36537616625_2985707d35.jpg\" width=\"500\" height=\"366\" alt=\"M\u00fcnster17 014\"><\/a><\/p>\n<p align=\"justify\">Tom Burr stellt auch im Westf\u00e4lischen Kunstverein aus: <a href=\"http:\/\/www.westfaelischer-kunstverein.de\/ausstellungen\/aktuell\/tom-burr\/\"><i>Surplus of Myself<\/i><\/a><\/p>\n<p><a href=\"https:\/\/www.flickr.com\/photos\/mitue\/35702810774\/in\/dateposted\/\" title=\"M\u00fcnster17 013\"><img loading=\"lazy\" decoding=\"async\" src=\"https:\/\/farm5.staticflickr.com\/4431\/35702810774_dc78a3f5e1.jpg\" width=\"500\" height=\"342\" alt=\"M\u00fcnster17 013\"><\/a><\/p>\n","protected":false},"excerpt":{"rendered":"<p>Zum ersten Mal besuchten wir M\u00fcnster vor 10 Jahren. Von den Skulpturprojekten 2007 waren wir begeistert. Auch diesmal sind wir mittendrin, haben aber leider nur einen Tag Zeit. Wo ist eigentlich Moores Bogensch\u00fctze vor der Neuen Nationalgalerie in Berlin geblieben? Wir haben ihn gefunden: Er steht nun in M\u00fcnster vor der Galerie des Westf\u00e4lischen Kunstvereins. [&hellip;]<\/p>\n","protected":false},"author":1,"featured_media":0,"comment_status":"open","ping_status":"closed","sticky":false,"template":"","format":"standard","meta":{"footnotes":""},"categories":[5,7],"tags":[667],"class_list":["post-6112","post","type-post","status-publish","format-standard","hentry","category-ausstellungen","category-jwd","tag-skulpturprojekte-muenster-2017"],"_links":{"self":[{"href":"https:\/\/mitue.de\/index.php?rest_route=\/wp\/v2\/posts\/6112","targetHints":{"allow":["GET"]}}],"collection":[{"href":"https:\/\/mitue.de\/index.php?rest_route=\/wp\/v2\/posts"}],"about":[{"href":"https:\/\/mitue.de\/index.php?rest_route=\/wp\/v2\/types\/post"}],"author":[{"embeddable":true,"href":"https:\/\/mitue.de\/index.php?rest_route=\/wp\/v2\/users\/1"}],"replies":[{"embeddable":true,"href":"https:\/\/mitue.de\/index.php?rest_route=%2Fwp%2Fv2%2Fcomments&post=6112"}],"version-history":[{"count":1,"href":"https:\/\/mitue.de\/index.php?rest_route=\/wp\/v2\/posts\/6112\/revisions"}],"predecessor-version":[{"id":6113,"href":"https:\/\/mitue.de\/index.php?rest_route=\/wp\/v2\/posts\/6112\/revisions\/6113"}],"wp:attachment":[{"href":"https:\/\/mitue.de\/index.php?rest_route=%2Fwp%2Fv2%2Fmedia&parent=6112"}],"wp:term":[{"taxonomy":"category","embeddable":true,"href":"https:\/\/mitue.de\/index.php?rest_route=%2Fwp%2Fv2%2Fcategories&post=6112"},{"taxonomy":"post_tag","embeddable":true,"href":"https:\/\/mitue.de\/index.php?rest_route=%2Fwp%2Fv2%2Ftags&post=6112"}],"curies":[{"name":"wp","href":"https:\/\/api.w.org\/{rel}","templated":true}]}}