{"id":6123,"date":"2017-08-15T21:29:54","date_gmt":"2017-08-15T20:29:54","guid":{"rendered":"http:\/\/mitue.de\/?p=6123"},"modified":"2017-08-16T17:56:00","modified_gmt":"2017-08-16T16:56:00","slug":"skulpturprojekte-muenster-2017-4","status":"publish","type":"post","link":"https:\/\/mitue.de\/?p=6123","title":{"rendered":"Skulpturprojekte M\u00fcnster 2017 (4)"},"content":{"rendered":"<p><a href=\"https:\/\/www.flickr.com\/photos\/mitue\/33776423490\/in\/photolist-TsGZiU-TsGZX9-TZ5PBG-TZ5QQJ-SLf8FU-U3GNTB\" title=\"Naumburg 045\"><img loading=\"lazy\" decoding=\"async\" src=\"https:\/\/farm3.staticflickr.com\/2828\/33776423490_5d5a5c4185.jpg\" width=\"500\" height=\"326\" alt=\"Naumburg 045\"><\/a><br \/>\n<a href=\"http:\/\/mitue.de\/?p=5928\">Nietzsche-Denkmal (H. Apelt) in Naumburg<\/a><\/p>\n<p align=\"justify\">In meinen Notizen zu einer Naumburg-Reise steht, dass mir auf dem Weg zum Hotel Nietzsche fast zum Verh\u00e4ngnis geworden w\u00e4re. Auf dem Neumarkt steht das Nietzsche-Denkmal von Heinrich Apelt. Das muss nat\u00fcrlich fotografiert werden. Dabei achte ich nicht auf den Rinnenbrunnen, der quer \u00fcber den Platz verl\u00e4uft. Ich knicke um, der rechte Fu\u00df taucht schmerzhaft ins kalte Wasser. Als wir am Abend nochmals \u00fcber den Platz laufen &#8211; ich zum Gl\u00fcck ohne Kr\u00fccken &#8211; ist diese gef\u00e4hrliche Rinne gesichert und abgedeckt.<\/p>\n<p><a href=\"https:\/\/www.flickr.com\/photos\/mitue\/35779228783\/in\/dateposted\/\" title=\"M\u00fcnster17 093\"><img loading=\"lazy\" decoding=\"async\" src=\"https:\/\/farm5.staticflickr.com\/4408\/35779228783_a2f913e775.jpg\" width=\"500\" height=\"310\" alt=\"M\u00fcnster17 093\"><\/a><br \/>\nNietzsches Felsen (Justin Matherly) in M\u00fcnster<\/p>\n<blockquote><p>Nietzsches Lehre von der Ewigen Wiederklehr ist aus der kreisenden Bewegung seiner Gedanken entstanden. Ihm gelingt nicht, ihren Kreisverkehr anzuhalten und sich auf ein erl\u00f6sendes Prinzip festzulegen. Warum dann nicht gleich die Bewegung der Gedanken zum Weltprinzip machen? Hier meldet sich das Thema der Ersch\u00f6pfung, das sich nach einem jubelnden Akzeptieren sehnt.<br \/>\n(Henning Ritter)<\/p><\/blockquote>\n<p><a href=\"https:\/\/www.flickr.com\/photos\/mitue\/36542347126\/in\/dateposted\/\" title=\"M\u00fcnster17 091\"><img loading=\"lazy\" decoding=\"async\" src=\"https:\/\/farm5.staticflickr.com\/4350\/36542347126_201aa994f9.jpg\" width=\"500\" height=\"309\" alt=\"M\u00fcnster17 091\"><\/a><br \/>\nIm Vordergrund: Unteilbares Deutschland (<a href=\"http:\/\/www.wn.de\/Muenster\/Stadtteile\/Kinderhaus\/2013\/08\/Die-Kuenstlerin-Anni-Buschkoetter-haette-am-26.-August-2013-ihren-100.-Geburtstag-feiern-koennen-Eine-couragierte-und-sehr-sozial-eingestellte-Frau\">Anni Buschk\u00f6tter<\/a>, 1960)<\/p>\n<blockquote><p>Wie vom Himmel gefallen wirkt Matherlys Skulptur auf der Gr\u00fcnfl\u00e4che der Promenade. An mehreren Stellen sind Br\u00fcche und L\u00f6cher im Material zu sehen. Die Gehhilfen treten mal deutlich hervor, mal verschwinden sie ganz im grauen Material. Als Readymades, Objekte aus dem allt\u00e4glichen Leben, \u00fcbernehmen sie die Funktion des Sockels und sind selbst Teil der Skulptur. Mit ihnen f\u00fchrt der K\u00fcnstler ein Ma\u00df ein, das eng mit dem menschlichen K\u00f6rper in Beziehung steht. Einige der Gehb\u00f6cke dieser Skulptur sind nicht neu und stammen aus der weiteren Umgebung von M\u00fcnster. Trotz ihrer Massivit\u00e4t strahlt die Skulptur eine Leichtigkeit aus, scheint wie \u00fcber der Erde zu schweben.<br \/>\n(mehr <a href=\"https:\/\/www.skulptur-projekte.de\/#\/De\/Projects\/2017\/831\/MATHERLY\">hier<\/a>)<\/p><\/blockquote>\n<p align=\"justify\"><a href=\"https:\/\/www.welt.de\/reise\/nah\/article148347207\/Sils-Maria-fuer-Nietzsche-ein-Ort-der-Erleuchtung.html\">Sils Maria<\/a> \u2013 f\u00fcr Nietzsche ein Ort der Erleuchtung<\/p>\n","protected":false},"excerpt":{"rendered":"<p>Nietzsche-Denkmal (H. Apelt) in Naumburg In meinen Notizen zu einer Naumburg-Reise steht, dass mir auf dem Weg zum Hotel Nietzsche fast zum Verh\u00e4ngnis geworden w\u00e4re. Auf dem Neumarkt steht das Nietzsche-Denkmal von Heinrich Apelt. Das muss nat\u00fcrlich fotografiert werden. Dabei achte ich nicht auf den Rinnenbrunnen, der quer \u00fcber den Platz verl\u00e4uft. Ich knicke um, [&hellip;]<\/p>\n","protected":false},"author":1,"featured_media":0,"comment_status":"open","ping_status":"closed","sticky":false,"template":"","format":"standard","meta":{"footnotes":""},"categories":[5,7],"tags":[46,667],"class_list":["post-6123","post","type-post","status-publish","format-standard","hentry","category-ausstellungen","category-jwd","tag-munster","tag-skulpturprojekte-muenster-2017"],"_links":{"self":[{"href":"https:\/\/mitue.de\/index.php?rest_route=\/wp\/v2\/posts\/6123","targetHints":{"allow":["GET"]}}],"collection":[{"href":"https:\/\/mitue.de\/index.php?rest_route=\/wp\/v2\/posts"}],"about":[{"href":"https:\/\/mitue.de\/index.php?rest_route=\/wp\/v2\/types\/post"}],"author":[{"embeddable":true,"href":"https:\/\/mitue.de\/index.php?rest_route=\/wp\/v2\/users\/1"}],"replies":[{"embeddable":true,"href":"https:\/\/mitue.de\/index.php?rest_route=%2Fwp%2Fv2%2Fcomments&post=6123"}],"version-history":[{"count":3,"href":"https:\/\/mitue.de\/index.php?rest_route=\/wp\/v2\/posts\/6123\/revisions"}],"predecessor-version":[{"id":6126,"href":"https:\/\/mitue.de\/index.php?rest_route=\/wp\/v2\/posts\/6123\/revisions\/6126"}],"wp:attachment":[{"href":"https:\/\/mitue.de\/index.php?rest_route=%2Fwp%2Fv2%2Fmedia&parent=6123"}],"wp:term":[{"taxonomy":"category","embeddable":true,"href":"https:\/\/mitue.de\/index.php?rest_route=%2Fwp%2Fv2%2Fcategories&post=6123"},{"taxonomy":"post_tag","embeddable":true,"href":"https:\/\/mitue.de\/index.php?rest_route=%2Fwp%2Fv2%2Ftags&post=6123"}],"curies":[{"name":"wp","href":"https:\/\/api.w.org\/{rel}","templated":true}]}}