{"id":6143,"date":"2017-08-22T18:26:11","date_gmt":"2017-08-22T17:26:11","guid":{"rendered":"http:\/\/mitue.de\/?p=6143"},"modified":"2017-10-05T17:52:03","modified_gmt":"2017-10-05T16:52:03","slug":"skulpturprojekte-muenster-2017-9","status":"publish","type":"post","link":"https:\/\/mitue.de\/?p=6143","title":{"rendered":"Skulpturprojekte M\u00fcnster 2017 (9)"},"content":{"rendered":"<p><a href=\"https:\/\/www.flickr.com\/photos\/mitue\/36697682235\/in\/dateposted\/\" title=\"M\u00fcnster17 131\"><img loading=\"lazy\" decoding=\"async\" src=\"https:\/\/farm5.staticflickr.com\/4434\/36697682235_6c7dd8c186.jpg\" width=\"500\" height=\"333\" alt=\"M\u00fcnster17 131\"><\/a><\/p>\n<blockquote><p>Youmbis Installation befindet sich auf dem stillgelegten \u00dcberwasserfriedhof. In unmittelbarer N\u00e4he zum Grab des Generals <a href=\"https:\/\/de.wikipedia.org\/wiki\/Ludwig_Roth_von_Schreckenstein\">Ludwig Roth von Schreckenstein<\/a> sind in circa zehn Metern H\u00f6he vier Masken angebracht. Vier weitere kleinere Masken h\u00e4ngen direkt in den B\u00e4umen.<br \/>\n(mehr <a href=\"https:\/\/www.skulptur-projekte.de\/#\/De\/Projects\/2017\/849\/Youmbi\">hier<\/a>)<\/p><\/blockquote>\n<p><a href=\"https:\/\/www.flickr.com\/photos\/mitue\/36574376011\/in\/dateposted\/\" title=\"M\u00fcnster17 134\"><img loading=\"lazy\" decoding=\"async\" src=\"https:\/\/farm5.staticflickr.com\/4361\/36574376011_fda7c7e148.jpg\" width=\"500\" height=\"333\" alt=\"M\u00fcnster17 134\"><\/a><\/p>\n<p><a href=\"https:\/\/www.flickr.com\/photos\/mitue\/36697678685\/in\/dateposted\/\" title=\"M\u00fcnster17 132\"><img loading=\"lazy\" decoding=\"async\" src=\"https:\/\/farm5.staticflickr.com\/4415\/36697678685_27b64e1fa1.jpg\" width=\"500\" height=\"333\" alt=\"M\u00fcnster17 132\"><\/a><\/p>\n<blockquote><p>Wer kennt Ludwig Roth von Schreckenstein? Wer kennt Annette von Droste-H\u00fclshoff? Was \u00fcberdauert, Politik oder Poesie, Milit\u00e4r oder Muse, Wichtigkeit im Leben oder Worte f\u00fcr die Ewigkeit? Es gibt wohl nur einen Ort in M\u00fcnster, wo diese Fragen brennend werden: <a href=\"https:\/\/www.lwl.org\/geokult\/kuladignwjsp\/detaildruck.jsp?oid=10029893\">der alte \u00dcberwasserfriedhof<\/a>. Dort hat der schottische Bildhauer <a href=\"https:\/\/de.wikipedia.org\/wiki\/Ian_Hamilton_Finlay\">Ian Hamilton Finlay<\/a> 1987 bescheiden einen 35 mal 75 mal 20 Zentimeter gro\u00dfen Sandstein an einer Pappel anbringen lassen.<br \/>\n(mehr <a href=\"http:\/\/www.wn.de\/Muenster\/Skulptur-Projekte-Muenster\/Skulpturen-1987\/710098-Ian-Hamilton-Finlay-Eine-Erinnerung-an-Annette-Was-bleibt-nach-dem-Entschwinden\">hier<\/a>)<\/p><\/blockquote>\n<p><a href=\"https:\/\/www.flickr.com\/photos\/mitue\/36317741580\/in\/dateposted\/\" title=\"M\u00fcnster17 136\"><img loading=\"lazy\" decoding=\"async\" src=\"https:\/\/farm5.staticflickr.com\/4336\/36317741580_8a9cd1c9da.jpg\" width=\"500\" height=\"335\" alt=\"M\u00fcnster17 136\"><\/a><\/p>\n<p><a href=\"https:\/\/www.flickr.com\/photos\/mitue\/36712919255\/in\/dateposted\/\" title=\"General Ludwig Roth von Schreckenstein\"><img loading=\"lazy\" decoding=\"async\" src=\"https:\/\/farm5.staticflickr.com\/4344\/36712919255_e451f2cf5d.jpg\" width=\"500\" height=\"342\" alt=\"General Ludwig Roth von Schreckenstein\"><\/a><\/p>\n","protected":false},"excerpt":{"rendered":"<p>Youmbis Installation befindet sich auf dem stillgelegten \u00dcberwasserfriedhof. In unmittelbarer N\u00e4he zum Grab des Generals Ludwig Roth von Schreckenstein sind in circa zehn Metern H\u00f6he vier Masken angebracht. Vier weitere kleinere Masken h\u00e4ngen direkt in den B\u00e4umen. (mehr hier) Wer kennt Ludwig Roth von Schreckenstein? Wer kennt Annette von Droste-H\u00fclshoff? Was \u00fcberdauert, Politik oder Poesie, [&hellip;]<\/p>\n","protected":false},"author":1,"featured_media":0,"comment_status":"open","ping_status":"closed","sticky":false,"template":"","format":"standard","meta":{"footnotes":""},"categories":[5,7],"tags":[667],"class_list":["post-6143","post","type-post","status-publish","format-standard","hentry","category-ausstellungen","category-jwd","tag-skulpturprojekte-muenster-2017"],"_links":{"self":[{"href":"https:\/\/mitue.de\/index.php?rest_route=\/wp\/v2\/posts\/6143","targetHints":{"allow":["GET"]}}],"collection":[{"href":"https:\/\/mitue.de\/index.php?rest_route=\/wp\/v2\/posts"}],"about":[{"href":"https:\/\/mitue.de\/index.php?rest_route=\/wp\/v2\/types\/post"}],"author":[{"embeddable":true,"href":"https:\/\/mitue.de\/index.php?rest_route=\/wp\/v2\/users\/1"}],"replies":[{"embeddable":true,"href":"https:\/\/mitue.de\/index.php?rest_route=%2Fwp%2Fv2%2Fcomments&post=6143"}],"version-history":[{"count":1,"href":"https:\/\/mitue.de\/index.php?rest_route=\/wp\/v2\/posts\/6143\/revisions"}],"predecessor-version":[{"id":6144,"href":"https:\/\/mitue.de\/index.php?rest_route=\/wp\/v2\/posts\/6143\/revisions\/6144"}],"wp:attachment":[{"href":"https:\/\/mitue.de\/index.php?rest_route=%2Fwp%2Fv2%2Fmedia&parent=6143"}],"wp:term":[{"taxonomy":"category","embeddable":true,"href":"https:\/\/mitue.de\/index.php?rest_route=%2Fwp%2Fv2%2Fcategories&post=6143"},{"taxonomy":"post_tag","embeddable":true,"href":"https:\/\/mitue.de\/index.php?rest_route=%2Fwp%2Fv2%2Ftags&post=6143"}],"curies":[{"name":"wp","href":"https:\/\/api.w.org\/{rel}","templated":true}]}}