{"id":617,"date":"2009-08-03T19:41:15","date_gmt":"2009-08-03T18:41:15","guid":{"rendered":"http:\/\/mitue.de\/?p=617"},"modified":"2009-08-03T19:41:15","modified_gmt":"2009-08-03T18:41:15","slug":"biebls-rosa","status":"publish","type":"post","link":"https:\/\/mitue.de\/?p=617","title":{"rendered":"Biebls Rosa"},"content":{"rendered":"<blockquote><p>Was ist f\u00fcr Sie der Reiz am \u00f6ffentlichen Raum?<br \/>\nDer \u00f6ffentliche Raum ist das Gegenteil jeder elit\u00e4ren Kunststrategie. Man mu\u00df als K\u00fcnstler etwas suchen, mit dem man sich den Leuten n\u00e4hern kann. Das ist ganz wichtig und f\u00fcr mich die eigentliche Herausforderung: da\u00df Menschen, die mit Kunst sonst vielleicht nichts zu tun haben, mit Kunst in Ber\u00fchrung kommen. Und da\u00df jemand, der sich in der Kunst auskennt, trotzdem einen Zugang findet. Diese Zwischenstufe hat mich immer besonders interessiert. Wenn mir das gelingt, habe ich ein gutes Gef\u00fchl.<br \/>\n(<a href=\"http:\/\/www.in-prenzlauer-berg.de\/kunst\/positionen\/biebl.html\">Interview mit Rolf Biebl<\/a>)<\/p><\/blockquote>\n<p><a title=\"Rosa Luxemburg by mitue, on Flickr\" href=\"http:\/\/www.flickr.com\/photos\/mitue\/3785976386\/\"><img loading=\"lazy\" decoding=\"async\" src=\"http:\/\/farm3.static.flickr.com\/2468\/3785976386_b648e44977.jpg\" border=\"0\" alt=\"Rosa Luxemburg\" width=\"500\" height=\"334\" \/><\/a><\/p>\n<p><a title=\"Liebknecht und Luxemburg by mitue, on Flickr\" href=\"http:\/\/www.flickr.com\/photos\/mitue\/3785166221\/\"><img loading=\"lazy\" decoding=\"async\" src=\"http:\/\/farm3.static.flickr.com\/2477\/3785166221_23b97e41d4.jpg\" border=\"0\" alt=\"Liebknecht und Luxemburg\" width=\"500\" height=\"333\" \/><\/a><\/p>\n<p>Rolf Biebls Rosa Luxemburg gibt es nun zweimal in Berlin.<\/p>\n<blockquote><p>In Anwesenheit von etwa 150 G\u00e4sten wurde am 11. Januar am Rosa-Luxemburg-Platz in Berlin-Mitte, vor den R\u00e4umen der jungen Welt, eine Statue der 1919 ermordeten Revolution\u00e4rin Rosa Luxemberg eingeweiht. Ein erster Gu\u00df des Denkmals vom Berliner Bildhauer und Maler Rolf Biebl war bereits 1999 vor dem Karl-Liebknecht-Haus aufgestellt worden; dieser wurde jedoch nach einer heftigen PDS-internen Debatte an einen anderen Standort, vor das ND-Geb\u00e4ude in Friedrichshain, \u00bbumgesetzt\u00ab. Dort steht er, zusammen mit Inge Hunzingers Reliefs zu Mathilde Jacob und dem jungen Karl Liebknecht, heute noch. Dank der Initiative einiger K\u00fcnstlerinnen und K\u00fcnstler sowie der Unterst\u00fctzung zahlreicher jW-Leserinnen und -Leser ist Biebls Skulptur nun an den Ort ihrer urspr\u00fcnglichen Bestimmung zur\u00fcckgekehrt.<br \/>\n(mehr <a href=\"http:\/\/www.rosa-luxemburg-konferenz.de\/article\/198.eines_sinnes_mit_rosa.html\">hier<\/a>)<\/p><\/blockquote>\n","protected":false},"excerpt":{"rendered":"<p>Was ist f\u00fcr Sie der Reiz am \u00f6ffentlichen Raum? Der \u00f6ffentliche Raum ist das Gegenteil jeder elit\u00e4ren Kunststrategie. Man mu\u00df als K\u00fcnstler etwas suchen, mit dem man sich den Leuten n\u00e4hern kann. Das ist ganz wichtig und f\u00fcr mich die eigentliche Herausforderung: da\u00df Menschen, die mit Kunst sonst vielleicht nichts zu tun haben, mit Kunst [&hellip;]<\/p>\n","protected":false},"author":1,"featured_media":0,"comment_status":"open","ping_status":"open","sticky":false,"template":"","format":"standard","meta":{"footnotes":""},"categories":[3],"tags":[86],"class_list":["post-617","post","type-post","status-publish","format-standard","hentry","category-kunst-im-offentlichen-raum","tag-rolf-biebl"],"_links":{"self":[{"href":"https:\/\/mitue.de\/index.php?rest_route=\/wp\/v2\/posts\/617","targetHints":{"allow":["GET"]}}],"collection":[{"href":"https:\/\/mitue.de\/index.php?rest_route=\/wp\/v2\/posts"}],"about":[{"href":"https:\/\/mitue.de\/index.php?rest_route=\/wp\/v2\/types\/post"}],"author":[{"embeddable":true,"href":"https:\/\/mitue.de\/index.php?rest_route=\/wp\/v2\/users\/1"}],"replies":[{"embeddable":true,"href":"https:\/\/mitue.de\/index.php?rest_route=%2Fwp%2Fv2%2Fcomments&post=617"}],"version-history":[{"count":1,"href":"https:\/\/mitue.de\/index.php?rest_route=\/wp\/v2\/posts\/617\/revisions"}],"predecessor-version":[{"id":618,"href":"https:\/\/mitue.de\/index.php?rest_route=\/wp\/v2\/posts\/617\/revisions\/618"}],"wp:attachment":[{"href":"https:\/\/mitue.de\/index.php?rest_route=%2Fwp%2Fv2%2Fmedia&parent=617"}],"wp:term":[{"taxonomy":"category","embeddable":true,"href":"https:\/\/mitue.de\/index.php?rest_route=%2Fwp%2Fv2%2Fcategories&post=617"},{"taxonomy":"post_tag","embeddable":true,"href":"https:\/\/mitue.de\/index.php?rest_route=%2Fwp%2Fv2%2Ftags&post=617"}],"curies":[{"name":"wp","href":"https:\/\/api.w.org\/{rel}","templated":true}]}}