{"id":6201,"date":"2017-09-15T18:12:35","date_gmt":"2017-09-15T17:12:35","guid":{"rendered":"http:\/\/mitue.de\/?p=6201"},"modified":"2017-09-15T18:25:38","modified_gmt":"2017-09-15T17:25:38","slug":"positions","status":"publish","type":"post","link":"https:\/\/mitue.de\/?p=6201","title":{"rendered":"POSITIONS"},"content":{"rendered":"<blockquote class=\"instagram-media\" data-instgrm-captioned data-instgrm-version=\"7\" style=\" background:#FFF; border:0; border-radius:3px; box-shadow:0 0 1px 0 rgba(0,0,0,0.5),0 1px 10px 0 rgba(0,0,0,0.15); margin: 1px; max-width:658px; padding:0; width:99.375%; width:-webkit-calc(100% - 2px); width:calc(100% - 2px);\">\n<div style=\"padding:8px;\">\n<div style=\" background:#F8F8F8; line-height:0; margin-top:40px; padding:50.0% 0; text-align:center; width:100%;\">\n<div style=\" background:url(data:image\/png;base64,iVBORw0KGgoAAAANSUhEUgAAACwAAAAsCAMAAAApWqozAAAABGdBTUEAALGPC\/xhBQAAAAFzUkdCAK7OHOkAAAAMUExURczMzPf399fX1+bm5mzY9AMAAADiSURBVDjLvZXbEsMgCES5\/P8\/t9FuRVCRmU73JWlzosgSIIZURCjo\/ad+EQJJB4Hv8BFt+IDpQoCx1wjOSBFhh2XssxEIYn3ulI\/6MNReE07UIWJEv8UEOWDS88LY97kqyTliJKKtuYBbruAyVh5wOHiXmpi5we58Ek028czwyuQdLKPG1Bkb4NnM+VeAnfHqn1k4+GPT6uGQcvu2h2OVuIf\/gWUFyy8OWEpdyZSa3aVCqpVoVvzZZ2VTnn2wU8qzVjDDetO90GSy9mVLqtgYSy231MxrY6I2gGqjrTY0L8fxCxfCBbhWrsYYAAAAAElFTkSuQmCC); display:block; height:44px; margin:0 auto -44px; position:relative; top:-22px; width:44px;\"><\/div>\n<\/div>\n<p style=\" margin:8px 0 0 0; padding:0 4px;\"> <a href=\"https:\/\/www.instagram.com\/p\/BZEXl0DDzez\/\" style=\" color:#000; font-family:Arial,sans-serif; font-size:14px; font-style:normal; font-weight:normal; line-height:17px; text-decoration:none; word-wrap:break-word;\" target=\"_blank\">20170915<\/a><\/p>\n<p style=\" color:#c9c8cd; font-family:Arial,sans-serif; font-size:14px; line-height:17px; margin-bottom:0; margin-top:8px; overflow:hidden; padding:8px 0 7px; text-align:center; text-overflow:ellipsis; white-space:nowrap;\">Ein Beitrag geteilt von Kunstspazierg\u00e4nger (@kultur_an_jedem_tag) am <time style=\" font-family:Arial,sans-serif; font-size:14px; line-height:17px;\" datetime=\"2017-09-15T16:24:12+00:00\">15. Sep 2017 um 9:24 Uhr<\/time><\/p>\n<\/div>\n<\/blockquote>\n<p><script async defer src=\"\/\/platform.instagram.com\/en_US\/embeds.js\"><\/script><\/p>\n<p align=\"justify\">Vom 14. &#8211; 17. September 2017 pr\u00e4sentiert die <a href=\"http:\/\/positions.de\/\">POSITIONS Berlin Art Fair<\/a> 84 ausgew\u00e4hlte internationale Galerien aus 15 L\u00e4ndern mit ihren pr\u00e4gnantesten k\u00fcnstlerischen Positionen der zeitgen\u00f6ssischen und modernen Kunst.<\/p>\n<p><a href=\"https:\/\/www.flickr.com\/photos\/mitue\/37244886225\/in\/dateposted\/\" title=\"Auf dem Weg zur Arena\"><img loading=\"lazy\" decoding=\"async\" src=\"https:\/\/farm5.staticflickr.com\/4419\/37244886225_39d26f9990.jpg\" width=\"500\" height=\"375\" alt=\"Auf dem Weg zur Arena\"><\/a><br \/>\nAuf dem Weg zur Messehalle<\/p>\n<p><a href=\"https:\/\/www.flickr.com\/photos\/mitue\/37244880605\/in\/dateposted\/\" title=\"Position 3\"><img loading=\"lazy\" decoding=\"async\" src=\"https:\/\/farm5.staticflickr.com\/4419\/37244880605_9c5e2fddf8.jpg\" width=\"500\" height=\"342\" alt=\"Position 3\"><\/a><br \/>\nPosition in der Messehalle<\/p>\n<p><a href=\"https:\/\/www.flickr.com\/photos\/mitue\/37244875265\/in\/photostream\/\" title=\"Position au\u00dferhalb der POSITIONS\"><img loading=\"lazy\" decoding=\"async\" src=\"https:\/\/farm5.staticflickr.com\/4412\/37244875265_27ced15456.jpg\" width=\"500\" height=\"375\" alt=\"Position au\u00dferhalb der POSITIONS\"><\/a><br \/>\nPosition au\u00dferhalb der Messehalle<\/p>\n<p><a href=\"https:\/\/www.flickr.com\/photos\/mitue\/37244870245\/in\/dateposted\/\" title=\"R\u00fcckfahrt\"><img loading=\"lazy\" decoding=\"async\" src=\"https:\/\/farm5.staticflickr.com\/4372\/37244870245_5223f858f7.jpg\" width=\"500\" height=\"352\" alt=\"R\u00fcckfahrt\"><\/a><br \/>\nR\u00fcckfahrt (S-Bahnhof Adlershof)<\/p>\n","protected":false},"excerpt":{"rendered":"<p>20170915 Ein Beitrag geteilt von Kunstspazierg\u00e4nger (@kultur_an_jedem_tag) am 15. Sep 2017 um 9:24 Uhr Vom 14. &#8211; 17. September 2017 pr\u00e4sentiert die POSITIONS Berlin Art Fair 84 ausgew\u00e4hlte internationale Galerien aus 15 L\u00e4ndern mit ihren pr\u00e4gnantesten k\u00fcnstlerischen Positionen der zeitgen\u00f6ssischen und modernen Kunst. Auf dem Weg zur Messehalle Position in der Messehalle Position au\u00dferhalb der [&hellip;]<\/p>\n","protected":false},"author":1,"featured_media":0,"comment_status":"open","ping_status":"closed","sticky":false,"template":"","format":"standard","meta":{"footnotes":""},"categories":[5],"tags":[],"class_list":["post-6201","post","type-post","status-publish","format-standard","hentry","category-ausstellungen"],"_links":{"self":[{"href":"https:\/\/mitue.de\/index.php?rest_route=\/wp\/v2\/posts\/6201","targetHints":{"allow":["GET"]}}],"collection":[{"href":"https:\/\/mitue.de\/index.php?rest_route=\/wp\/v2\/posts"}],"about":[{"href":"https:\/\/mitue.de\/index.php?rest_route=\/wp\/v2\/types\/post"}],"author":[{"embeddable":true,"href":"https:\/\/mitue.de\/index.php?rest_route=\/wp\/v2\/users\/1"}],"replies":[{"embeddable":true,"href":"https:\/\/mitue.de\/index.php?rest_route=%2Fwp%2Fv2%2Fcomments&post=6201"}],"version-history":[{"count":2,"href":"https:\/\/mitue.de\/index.php?rest_route=\/wp\/v2\/posts\/6201\/revisions"}],"predecessor-version":[{"id":6203,"href":"https:\/\/mitue.de\/index.php?rest_route=\/wp\/v2\/posts\/6201\/revisions\/6203"}],"wp:attachment":[{"href":"https:\/\/mitue.de\/index.php?rest_route=%2Fwp%2Fv2%2Fmedia&parent=6201"}],"wp:term":[{"taxonomy":"category","embeddable":true,"href":"https:\/\/mitue.de\/index.php?rest_route=%2Fwp%2Fv2%2Fcategories&post=6201"},{"taxonomy":"post_tag","embeddable":true,"href":"https:\/\/mitue.de\/index.php?rest_route=%2Fwp%2Fv2%2Ftags&post=6201"}],"curies":[{"name":"wp","href":"https:\/\/api.w.org\/{rel}","templated":true}]}}