{"id":6208,"date":"2017-09-18T16:49:41","date_gmt":"2017-09-18T15:49:41","guid":{"rendered":"http:\/\/mitue.de\/?p=6208"},"modified":"2017-09-18T16:50:17","modified_gmt":"2017-09-18T15:50:17","slug":"broken-soldiers","status":"publish","type":"post","link":"https:\/\/mitue.de\/?p=6208","title":{"rendered":"Broken Soldiers"},"content":{"rendered":"<p align=\"justify\"><a href=\"http:\/\/www.deschler-berlin.de\/exhibitions\/8996\/broken-soldiers\/works\/\">Deborah Sengl<\/a> in der <a href=\"http:\/\/www.deschler-berlin.de\/\">Galerie Deschler<\/a><\/p>\n<blockquote><p>In ihrer neuen Werkserie Broken Soldiers setzt Deborah Sengl ein langj\u00e4hriges Thema ihrer Arbeiten fort: das Verh\u00e4ltnis zwischen Opfer und T\u00e4ter. Anders als etwa in ihrer Serie Ertarnungen, in der sich jeweils ein Raubtier als sein Beutetier tarnte, erscheint dieses Verh\u00e4ltnis aber nicht als Machtspiel zwischen einzelnen ProtagonistInnen, sondern als Spannungsverh\u00e4ltnis innerhalb eines Individuums.<br \/>\n(<a href=\"https:\/\/files.artbutler.com\/file\/1104\/d858fdcd01bd4887.pdf\">Infotext<\/a>)<\/p><\/blockquote>\n<p><a href=\"https:\/\/www.flickr.com\/photos\/mitue\/36908447470\/in\/dateposted\/\" title=\"Broken Soldiers\"><img loading=\"lazy\" decoding=\"async\" src=\"https:\/\/farm5.staticflickr.com\/4360\/36908447470_cda171f78b.jpg\" width=\"500\" height=\"489\" alt=\"Broken Soldiers\"><\/a><\/p>\n","protected":false},"excerpt":{"rendered":"<p>Deborah Sengl in der Galerie Deschler In ihrer neuen Werkserie Broken Soldiers setzt Deborah Sengl ein langj\u00e4hriges Thema ihrer Arbeiten fort: das Verh\u00e4ltnis zwischen Opfer und T\u00e4ter. Anders als etwa in ihrer Serie Ertarnungen, in der sich jeweils ein Raubtier als sein Beutetier tarnte, erscheint dieses Verh\u00e4ltnis aber nicht als Machtspiel zwischen einzelnen ProtagonistInnen, sondern [&hellip;]<\/p>\n","protected":false},"author":1,"featured_media":0,"comment_status":"open","ping_status":"closed","sticky":false,"template":"","format":"standard","meta":{"footnotes":""},"categories":[5],"tags":[668],"class_list":["post-6208","post","type-post","status-publish","format-standard","hentry","category-ausstellungen","tag-galerie-deschler"],"_links":{"self":[{"href":"https:\/\/mitue.de\/index.php?rest_route=\/wp\/v2\/posts\/6208","targetHints":{"allow":["GET"]}}],"collection":[{"href":"https:\/\/mitue.de\/index.php?rest_route=\/wp\/v2\/posts"}],"about":[{"href":"https:\/\/mitue.de\/index.php?rest_route=\/wp\/v2\/types\/post"}],"author":[{"embeddable":true,"href":"https:\/\/mitue.de\/index.php?rest_route=\/wp\/v2\/users\/1"}],"replies":[{"embeddable":true,"href":"https:\/\/mitue.de\/index.php?rest_route=%2Fwp%2Fv2%2Fcomments&post=6208"}],"version-history":[{"count":2,"href":"https:\/\/mitue.de\/index.php?rest_route=\/wp\/v2\/posts\/6208\/revisions"}],"predecessor-version":[{"id":6210,"href":"https:\/\/mitue.de\/index.php?rest_route=\/wp\/v2\/posts\/6208\/revisions\/6210"}],"wp:attachment":[{"href":"https:\/\/mitue.de\/index.php?rest_route=%2Fwp%2Fv2%2Fmedia&parent=6208"}],"wp:term":[{"taxonomy":"category","embeddable":true,"href":"https:\/\/mitue.de\/index.php?rest_route=%2Fwp%2Fv2%2Fcategories&post=6208"},{"taxonomy":"post_tag","embeddable":true,"href":"https:\/\/mitue.de\/index.php?rest_route=%2Fwp%2Fv2%2Ftags&post=6208"}],"curies":[{"name":"wp","href":"https:\/\/api.w.org\/{rel}","templated":true}]}}