{"id":6284,"date":"2017-10-28T16:10:35","date_gmt":"2017-10-28T15:10:35","guid":{"rendered":"http:\/\/mitue.de\/?p=6284"},"modified":"2017-10-28T16:14:06","modified_gmt":"2017-10-28T15:14:06","slug":"ruinen-der-gegenwart-2","status":"publish","type":"post","link":"https:\/\/mitue.de\/?p=6284","title":{"rendered":"Ruinen der Gegenwart (2)"},"content":{"rendered":"<p align=\"left\"><a href=\"http:\/\/www.art-in-berlin.de\/incbmeld.php?id=4396\">Wie sehen eigentlich L\u00f6cher von innen aus?<\/a>  <\/p>\n<p align=\"left\"><a href=\"http:\/\/astagroeting.de\/\">Asta Gr\u00f6ting<\/a> &#8211; Berlin Fassaden<\/p>\n<p><a href=\"https:\/\/www.flickr.com\/photos\/mitue\/37280385484\/in\/photolist-ZQkigU-YNkHLY-FWp7XK\" title=\"Berliner Fassaden\"><img loading=\"lazy\" decoding=\"async\" src=\"https:\/\/farm5.staticflickr.com\/4475\/37280385484_58397dcb04.jpg\" width=\"500\" height=\"375\" alt=\"Berliner Fassaden\"><\/a><\/p>\n<blockquote><p>Das KINDL \u2013 Zentrum f\u00fcr zeitgen\u00f6ssische Kunst zeigt die neue Werkreihe <i>Berlin Fassaden<\/i> der Bildhauerin Asta Gr\u00f6ting. Ausgangspunkt f\u00fcr diese Arbeiten sind Fassaden, die in Form von Einschussl\u00f6chern noch Spuren des Zweiten Weltkrieges in sich tragen. Asta Gr\u00f6ting erfasst die versehrten Mauern bildhauerisch, indem sie von ihnen Silikonabformungen anfertigt. Diese funktionieren wie Langzeitbelichtungen, die die Geschichte vom Moment der Einsch\u00fcsse bis zum jetzigen Zeitpunkt abbilden. Staub, Dreck und auch Graffitis werden von der Tr\u00e4germasse angenommen und lassen die zum Teil monumentalen Negativabdr\u00fccke fast wie bemalt wirken.<br \/>\n(mehr <a href=\"http:\/\/www.art-magazin.de\/ausstellungen\/berlin\/21318-evnt-asta-groeting-berlin-fassaden-maschinenhaus-m0\">hier<\/a>)<\/p><\/blockquote>\n<p><a href=\"https:\/\/www.flickr.com\/photos\/mitue\/37959292822\/in\/photolist-YNkHLY-ZQkigU-FWp7XK-e4RSC4-bUaLFT-AmWjKg-AmW7eK-A4kXGy-A4rE6P-m3Nse4\" title=\"Berliner Fassaden\"><img loading=\"lazy\" decoding=\"async\" src=\"https:\/\/farm5.staticflickr.com\/4459\/37959292822_10f6e260f0.jpg\" width=\"500\" height=\"375\" alt=\"Berliner Fassaden\"><\/a><\/p>\n<p align=\"left\"><a href=\"http:\/\/mitue.de\/?p=6275\">Ruinen der Gegenwart (1)<\/a><\/p>\n","protected":false},"excerpt":{"rendered":"<p>Wie sehen eigentlich L\u00f6cher von innen aus? Asta Gr\u00f6ting &#8211; Berlin Fassaden Das KINDL \u2013 Zentrum f\u00fcr zeitgen\u00f6ssische Kunst zeigt die neue Werkreihe Berlin Fassaden der Bildhauerin Asta Gr\u00f6ting. Ausgangspunkt f\u00fcr diese Arbeiten sind Fassaden, die in Form von Einschussl\u00f6chern noch Spuren des Zweiten Weltkrieges in sich tragen. Asta Gr\u00f6ting erfasst die versehrten Mauern bildhauerisch, [&hellip;]<\/p>\n","protected":false},"author":1,"featured_media":0,"comment_status":"open","ping_status":"closed","sticky":false,"template":"","format":"standard","meta":{"footnotes":""},"categories":[5],"tags":[],"class_list":["post-6284","post","type-post","status-publish","format-standard","hentry","category-ausstellungen"],"_links":{"self":[{"href":"https:\/\/mitue.de\/index.php?rest_route=\/wp\/v2\/posts\/6284","targetHints":{"allow":["GET"]}}],"collection":[{"href":"https:\/\/mitue.de\/index.php?rest_route=\/wp\/v2\/posts"}],"about":[{"href":"https:\/\/mitue.de\/index.php?rest_route=\/wp\/v2\/types\/post"}],"author":[{"embeddable":true,"href":"https:\/\/mitue.de\/index.php?rest_route=\/wp\/v2\/users\/1"}],"replies":[{"embeddable":true,"href":"https:\/\/mitue.de\/index.php?rest_route=%2Fwp%2Fv2%2Fcomments&post=6284"}],"version-history":[{"count":3,"href":"https:\/\/mitue.de\/index.php?rest_route=\/wp\/v2\/posts\/6284\/revisions"}],"predecessor-version":[{"id":6287,"href":"https:\/\/mitue.de\/index.php?rest_route=\/wp\/v2\/posts\/6284\/revisions\/6287"}],"wp:attachment":[{"href":"https:\/\/mitue.de\/index.php?rest_route=%2Fwp%2Fv2%2Fmedia&parent=6284"}],"wp:term":[{"taxonomy":"category","embeddable":true,"href":"https:\/\/mitue.de\/index.php?rest_route=%2Fwp%2Fv2%2Fcategories&post=6284"},{"taxonomy":"post_tag","embeddable":true,"href":"https:\/\/mitue.de\/index.php?rest_route=%2Fwp%2Fv2%2Ftags&post=6284"}],"curies":[{"name":"wp","href":"https:\/\/api.w.org\/{rel}","templated":true}]}}