{"id":630,"date":"2009-08-08T18:28:02","date_gmt":"2009-08-08T17:28:02","guid":{"rendered":"http:\/\/mitue.de\/?p=630"},"modified":"2009-08-08T18:28:02","modified_gmt":"2009-08-08T17:28:02","slug":"peres-projects-hat-keine-lust-mehr","status":"publish","type":"post","link":"https:\/\/mitue.de\/?p=630","title":{"rendered":"Peres Projects hat keine Lust mehr"},"content":{"rendered":"<p><a title=\"Peres Projects by mitue, on Flickr\" href=\"http:\/\/www.flickr.com\/photos\/mitue\/3801532064\/\"><img loading=\"lazy\" decoding=\"async\" src=\"http:\/\/farm4.static.flickr.com\/3486\/3801532064_2913ee7f3c.jpg\" border=\"0\" alt=\"Peres Projects\" width=\"500\" height=\"369\" \/><\/a><\/p>\n<blockquote><p>Ein wenig karg wirkt der Ausstellungsraum bei <a href=\"http:\/\/www.peresprojects.com\/\">Peres Projects<\/a> zur Zeit schon. Aber es ist ja auch Krise und da gibt man sich nicht gerne allzu \u00fcppig. Schon gar nicht eine Galerie, die ihren Stammsitz in den USA, dem vermeintlichen Ursprungsort des Desasters, hat. Und tats\u00e4chlich will Blair Taylor, Kuratorin von &#8222;Story without a Name&#8220; mit dieser Gruppenausstellung, in der sie Werke der in den USA lebenden K\u00fcnstlern und K\u00fcnstlerin Carole Bove, Terence Koh, Andrew Lord und Dash Snow vereint, einen Bogen in die Zeit der Gro\u00dfen Depression schlagen.<br \/>\n(M. Jansen in der Berliner Zeitung: mehr <a href=\"http:\/\/www.berlinonline.de\/berliner-zeitung\/archiv\/.bin\/dump.fcgi\/2009\/0804\/berlinplanerkunst\/0018\/index.html\">hier<\/a>)<\/p><\/blockquote>\n<p>Depressiv h\u00e4tten auch wir werden k\u00f6nnen. Gut, dass das Badeschiff zum Abk\u00fchlen in der N\u00e4he war. Kunstspazierg\u00e4nger nehmen weite Wege auf sich, um eine interessante Ausstellung zu besuchen. Leider stehen wir ab und zu vor verschlossenen Galeriet\u00fcren, obwohl eigentlich ge\u00f6ffnet sein m\u00fcsste, z.B. heute bei Peres Projects. Der Weg K\u00f6nigs Wusterhausen &#8211; Kreuzberg ist weit. Getr\u00f6stet haben wir uns schlie\u00dflich damit, dass wir ja auch den Stammsitz der Galerie in LA h\u00e4tten besuchen wollen. Das w\u00e4re erst \u00e4rgerlich gewesen.<\/p>\n<p><a title=\"Badeschiff by mitue, on Flickr\" href=\"http:\/\/www.flickr.com\/photos\/mitue\/3801530982\/\"><img loading=\"lazy\" decoding=\"async\" src=\"http:\/\/farm3.static.flickr.com\/2662\/3801530982_c2598b017c.jpg\" border=\"0\" alt=\"Badeschiff\" width=\"500\" height=\"346\" \/><\/a><\/p>\n","protected":false},"excerpt":{"rendered":"<p>Ein wenig karg wirkt der Ausstellungsraum bei Peres Projects zur Zeit schon. Aber es ist ja auch Krise und da gibt man sich nicht gerne allzu \u00fcppig. Schon gar nicht eine Galerie, die ihren Stammsitz in den USA, dem vermeintlichen Ursprungsort des Desasters, hat. Und tats\u00e4chlich will Blair Taylor, Kuratorin von &#8222;Story without a Name&#8220; [&hellip;]<\/p>\n","protected":false},"author":1,"featured_media":0,"comment_status":"open","ping_status":"open","sticky":false,"template":"","format":"standard","meta":{"footnotes":""},"categories":[5],"tags":[],"class_list":["post-630","post","type-post","status-publish","format-standard","hentry","category-ausstellungen"],"_links":{"self":[{"href":"https:\/\/mitue.de\/index.php?rest_route=\/wp\/v2\/posts\/630","targetHints":{"allow":["GET"]}}],"collection":[{"href":"https:\/\/mitue.de\/index.php?rest_route=\/wp\/v2\/posts"}],"about":[{"href":"https:\/\/mitue.de\/index.php?rest_route=\/wp\/v2\/types\/post"}],"author":[{"embeddable":true,"href":"https:\/\/mitue.de\/index.php?rest_route=\/wp\/v2\/users\/1"}],"replies":[{"embeddable":true,"href":"https:\/\/mitue.de\/index.php?rest_route=%2Fwp%2Fv2%2Fcomments&post=630"}],"version-history":[{"count":1,"href":"https:\/\/mitue.de\/index.php?rest_route=\/wp\/v2\/posts\/630\/revisions"}],"predecessor-version":[{"id":631,"href":"https:\/\/mitue.de\/index.php?rest_route=\/wp\/v2\/posts\/630\/revisions\/631"}],"wp:attachment":[{"href":"https:\/\/mitue.de\/index.php?rest_route=%2Fwp%2Fv2%2Fmedia&parent=630"}],"wp:term":[{"taxonomy":"category","embeddable":true,"href":"https:\/\/mitue.de\/index.php?rest_route=%2Fwp%2Fv2%2Fcategories&post=630"},{"taxonomy":"post_tag","embeddable":true,"href":"https:\/\/mitue.de\/index.php?rest_route=%2Fwp%2Fv2%2Ftags&post=630"}],"curies":[{"name":"wp","href":"https:\/\/api.w.org\/{rel}","templated":true}]}}