{"id":637,"date":"2009-08-11T20:29:09","date_gmt":"2009-08-11T19:29:09","guid":{"rendered":"http:\/\/mitue.de\/?p=637"},"modified":"2009-08-11T20:29:09","modified_gmt":"2009-08-11T19:29:09","slug":"im-rhythmus-der-sonne","status":"publish","type":"post","link":"https:\/\/mitue.de\/?p=637","title":{"rendered":"Im Rhythmus der Sonne"},"content":{"rendered":"<p><a title=\"Heiliger by mitue, on Flickr\" href=\"http:\/\/www.flickr.com\/photos\/mitue\/3811690471\/\"><img loading=\"lazy\" decoding=\"async\" src=\"http:\/\/farm4.static.flickr.com\/3551\/3811690471_7fd777cbcb.jpg\" border=\"0\" alt=\"Heiliger\" width=\"500\" height=\"333\" \/><\/a><br \/>\nBernhard Heiliger<\/p>\n<blockquote><p>In der Bibliothek eines Potsdamer Instituts lagen alte Zeichnungen, die zur L\u00f6sung eines astronomischen R\u00e4tsels f\u00fchrten.<br \/>\n&#8230; Fast f\u00fcnfzig Jahre lang hat Johann Staudacher die Sonne immer wieder gezeichnet, hier z.B. die Sonne vom 15. Februar 1760<br \/>\n(mehr von Th. B\u00fchrke in der Berliner Zeitung, <a href=\"http:\/\/www.berlinonline.de\/berliner-zeitung\/archiv\/.bin\/dump.fcgi\/2009\/0811\/wissenschaft\/0002\/index.html\">hier<\/a>)<\/p><\/blockquote>\n<p><a title=\"Sonnenflecken by mitue, on Flickr\" href=\"http:\/\/www.flickr.com\/photos\/mitue\/3811752845\/\"><img loading=\"lazy\" decoding=\"async\" src=\"http:\/\/farm4.static.flickr.com\/3505\/3811752845_46105d9175.jpg\" border=\"0\" alt=\"Sonnenflecken\" width=\"462\" height=\"500\" \/><\/a><br \/>\nJohann Staudacher<\/p>\n","protected":false},"excerpt":{"rendered":"<p>Bernhard Heiliger In der Bibliothek eines Potsdamer Instituts lagen alte Zeichnungen, die zur L\u00f6sung eines astronomischen R\u00e4tsels f\u00fchrten. &#8230; Fast f\u00fcnfzig Jahre lang hat Johann Staudacher die Sonne immer wieder gezeichnet, hier z.B. die Sonne vom 15. Februar 1760 (mehr von Th. B\u00fchrke in der Berliner Zeitung, hier) Johann Staudacher<\/p>\n","protected":false},"author":1,"featured_media":0,"comment_status":"open","ping_status":"open","sticky":false,"template":"","format":"standard","meta":{"footnotes":""},"categories":[3],"tags":[172,133],"class_list":["post-637","post","type-post","status-publish","format-standard","hentry","category-kunst-im-offentlichen-raum","tag-astronomie","tag-bernhard-heiliger"],"_links":{"self":[{"href":"https:\/\/mitue.de\/index.php?rest_route=\/wp\/v2\/posts\/637","targetHints":{"allow":["GET"]}}],"collection":[{"href":"https:\/\/mitue.de\/index.php?rest_route=\/wp\/v2\/posts"}],"about":[{"href":"https:\/\/mitue.de\/index.php?rest_route=\/wp\/v2\/types\/post"}],"author":[{"embeddable":true,"href":"https:\/\/mitue.de\/index.php?rest_route=\/wp\/v2\/users\/1"}],"replies":[{"embeddable":true,"href":"https:\/\/mitue.de\/index.php?rest_route=%2Fwp%2Fv2%2Fcomments&post=637"}],"version-history":[{"count":1,"href":"https:\/\/mitue.de\/index.php?rest_route=\/wp\/v2\/posts\/637\/revisions"}],"predecessor-version":[{"id":638,"href":"https:\/\/mitue.de\/index.php?rest_route=\/wp\/v2\/posts\/637\/revisions\/638"}],"wp:attachment":[{"href":"https:\/\/mitue.de\/index.php?rest_route=%2Fwp%2Fv2%2Fmedia&parent=637"}],"wp:term":[{"taxonomy":"category","embeddable":true,"href":"https:\/\/mitue.de\/index.php?rest_route=%2Fwp%2Fv2%2Fcategories&post=637"},{"taxonomy":"post_tag","embeddable":true,"href":"https:\/\/mitue.de\/index.php?rest_route=%2Fwp%2Fv2%2Ftags&post=637"}],"curies":[{"name":"wp","href":"https:\/\/api.w.org\/{rel}","templated":true}]}}