{"id":6383,"date":"2018-01-05T09:59:37","date_gmt":"2018-01-05T08:59:37","guid":{"rendered":"http:\/\/mitue.de\/?p=6383"},"modified":"2018-01-05T09:59:37","modified_gmt":"2018-01-05T08:59:37","slug":"wege-in-paphos-2","status":"publish","type":"post","link":"https:\/\/mitue.de\/?p=6383","title":{"rendered":"Wege in Paphos (2)"},"content":{"rendered":"<p><a href=\"https:\/\/www.flickr.com\/photos\/mitue\/27723277199\/in\/dateposted\/\" title=\"20171228 31\"><img loading=\"lazy\" decoding=\"async\" src=\"https:\/\/farm5.staticflickr.com\/4633\/27723277199_d8dc1ee12e.jpg\" width=\"500\" height=\"333\" alt=\"20171228 31\"><\/a><\/p>\n<p align=\"justify\"><a href=\"http:\/\/exploringcyprus.blogspot.de\/2014\/05\/saint-pauls-pillar.html\">Agia Kyriaki mit der Paulus-S\u00e4ule<\/a><\/p>\n<p><a href=\"https:\/\/www.flickr.com\/photos\/mitue\/39499500011\/in\/dateposted\/\" title=\"20171228 41\"><img loading=\"lazy\" decoding=\"async\" src=\"https:\/\/farm5.staticflickr.com\/4726\/39499500011_e1c45eb0fa.jpg\" width=\"500\" height=\"333\" alt=\"20171228 41\"><\/a><\/p>\n<p><a href=\"https:\/\/www.flickr.com\/photos\/mitue\/39499494611\/in\/dateposted\/\" title=\"20171228 43\"><img loading=\"lazy\" decoding=\"async\" src=\"https:\/\/farm5.staticflickr.com\/4737\/39499494611_89b0441450.jpg\" width=\"500\" height=\"333\" alt=\"20171228 43\"><\/a><\/p>\n<blockquote><p>Pilger, die im 15. und 16. Jahrhundert nach Paphos kamen, [berichten] noch von der \u00dcberlieferung, die Apostel [Paulus und Barnabas] seien zuerst verhaftet und ausgepeitscht worden, bevor sie dem Prokonsul vorgef\u00fchrt wurden. Unter der alten Franziskanerkirche, in der N\u00e4he der Festung auf dem H\u00fcgel, soll sich das Verlie\u00df befunden haben, in dem [sie] als Gefangene gehalten wurden. Seigneur de Villamont, der das damals t\u00fcrkisch besetzte Baffo 1589 besuchte, beschreibt sogar die Ketten, die Paulus damals trug und die seitdem verehrt wurden. Und General Louis di Cesnola, der arch\u00e4ologiebegeisterte amerikanische Konsul, erg\u00e4nzte: \u201eAls Paulus Paphos besuchte, wurde er von der Bev\u00f6lkerung so schlecht behandelt, dass er die B\u00fcrger der Stadt als die schlechtesten Menschen der Welt bezeichnete.\u201c Noch heute steht drei\u00dfig Meter vor der Kirche des hl. Kyriaki Chrysopolitissa eine 1,20 Meter hohe S\u00e4ule, an die, wie es hei\u00dft, die Juden Paulus fesselten, um ihn auszupeitschen. Als Beleg wird auf den 2. Korintherbrief verwiesen, in dem der Apostel selbst berichtet: \u201eF\u00fcnfmal erhielt ich von Juden die neununddrei\u00dfig Hiebe\u201c (11,24). Die Neununddrei\u00dfig \u2013 w\u00f6rtlich: \u201eVierzig-weniger-einen\u201c \u2013 waren die g\u00e4ngige Synagogenstrafe f\u00fcr vermeintliche Unruhestifter, entsprechend dem Gesetz des Moses (5 Mos 25,3). Der Brite David George Hogarth berichtet, jedes Jahr am Johannestag (dem 24. Juni) w\u00fcrde das gl\u00e4ubige Volk den Handabdruck des Paulus auf der S\u00e4ule erkennen. Zudem galten Bruchst\u00fccke von ihr als wirksames Heilmittel gegen Malaria; ein Eisenzaun sollte damals verhindern, dass sie auch weiterhin abgeschlagen werden.<br \/>\n(Martin Hesemann, mehr <a href=\"http:\/\/kath.net\/news\/26947\">hier<\/a>: Zypern &#8211; Wo Saulus wirklich zum Paulus wurde)<\/p><\/blockquote>\n","protected":false},"excerpt":{"rendered":"<p>Agia Kyriaki mit der Paulus-S\u00e4ule Pilger, die im 15. und 16. Jahrhundert nach Paphos kamen, [berichten] noch von der \u00dcberlieferung, die Apostel [Paulus und Barnabas] seien zuerst verhaftet und ausgepeitscht worden, bevor sie dem Prokonsul vorgef\u00fchrt wurden. Unter der alten Franziskanerkirche, in der N\u00e4he der Festung auf dem H\u00fcgel, soll sich das Verlie\u00df befunden haben, [&hellip;]<\/p>\n","protected":false},"author":1,"featured_media":0,"comment_status":"open","ping_status":"closed","sticky":false,"template":"","format":"standard","meta":{"footnotes":""},"categories":[7],"tags":[672],"class_list":["post-6383","post","type-post","status-publish","format-standard","hentry","category-jwd","tag-paphos"],"_links":{"self":[{"href":"https:\/\/mitue.de\/index.php?rest_route=\/wp\/v2\/posts\/6383","targetHints":{"allow":["GET"]}}],"collection":[{"href":"https:\/\/mitue.de\/index.php?rest_route=\/wp\/v2\/posts"}],"about":[{"href":"https:\/\/mitue.de\/index.php?rest_route=\/wp\/v2\/types\/post"}],"author":[{"embeddable":true,"href":"https:\/\/mitue.de\/index.php?rest_route=\/wp\/v2\/users\/1"}],"replies":[{"embeddable":true,"href":"https:\/\/mitue.de\/index.php?rest_route=%2Fwp%2Fv2%2Fcomments&post=6383"}],"version-history":[{"count":1,"href":"https:\/\/mitue.de\/index.php?rest_route=\/wp\/v2\/posts\/6383\/revisions"}],"predecessor-version":[{"id":6384,"href":"https:\/\/mitue.de\/index.php?rest_route=\/wp\/v2\/posts\/6383\/revisions\/6384"}],"wp:attachment":[{"href":"https:\/\/mitue.de\/index.php?rest_route=%2Fwp%2Fv2%2Fmedia&parent=6383"}],"wp:term":[{"taxonomy":"category","embeddable":true,"href":"https:\/\/mitue.de\/index.php?rest_route=%2Fwp%2Fv2%2Fcategories&post=6383"},{"taxonomy":"post_tag","embeddable":true,"href":"https:\/\/mitue.de\/index.php?rest_route=%2Fwp%2Fv2%2Ftags&post=6383"}],"curies":[{"name":"wp","href":"https:\/\/api.w.org\/{rel}","templated":true}]}}