{"id":6415,"date":"2018-01-17T10:50:04","date_gmt":"2018-01-17T09:50:04","guid":{"rendered":"http:\/\/mitue.de\/?p=6415"},"modified":"2018-01-17T10:50:04","modified_gmt":"2018-01-17T09:50:04","slug":"im-dialog-mit-kaethe-kollwitz","status":"publish","type":"post","link":"https:\/\/mitue.de\/?p=6415","title":{"rendered":"Im Dialog mit K\u00e4the Kollwitz"},"content":{"rendered":"<p><a href=\"https:\/\/www.flickr.com\/photos\/mitue\/39708231542\/in\/dateposted\/\" title=\"Begleitheft zur Ausstellung\"><img loading=\"lazy\" decoding=\"async\" src=\"https:\/\/farm5.staticflickr.com\/4703\/39708231542_bdbb1a91fa.jpg\" width=\"500\" height=\"359\" alt=\"Begleitheft zur Ausstellung\"><\/a><\/p>\n<p align=\"justify\"><a href=\"https:\/\/www.museumsportal-berlin.de\/de\/ausstellungen\/im-dialog\/\">Wieland F\u00f6rster<\/a><\/p>\n<p><a href=\"https:\/\/www.flickr.com\/photos\/mitue\/38841174535\/in\/photostream\/\" title=\"Arkadischer Akt\"><img loading=\"lazy\" decoding=\"async\" src=\"https:\/\/farm5.staticflickr.com\/4710\/38841174535_6ae101cfea.jpg\" width=\"500\" height=\"488\" alt=\"Arkadischer Akt\"><\/a><br \/>\nArkadischer Akt<\/p>\n<blockquote><p>Wieland F\u00f6rster, der 2009 im Rahmen des Brandenburgischen Kunstpreises den Ehrenpreis f\u00fcr sein Lebenswerk bekam, konzentriert sich inzwischen auf das Schreiben. Gerade ist sein biografischer Roman &#8222;Tamaschito&#8220; erschienen. Tageb\u00fccher zeichnen seinen k\u00fcnstlerischen Weg nach und beschreiben zugleich auch seine von Heinrich von Kleist beeinflusste k\u00fcnstlerische Entwicklung. F\u00f6rster wurde fr\u00fch gepr\u00e4gt durch die traumatischen Erlebnisse der Zerst\u00f6rung Dresdens und seine bis heute nachwirkende Inhaftierung durch russische Besatzer als Jugendlicher in Bautzen.<br \/>\n(mehr <a href=\"https:\/\/www.moz.de\/artikel-ansicht\/dg\/1618926\/\">hier<\/a>) <\/p><\/blockquote>\n<blockquote><p>Heute zieht sich Wieland F\u00f6rster in seine Schreibwerkstatt zur\u00fcck und arbeitet t\u00e4glich mit lustvoller Strenge an seinem Roman mit dem japanisch klingenden Titel &#8222;Tamaschito&#8220;. Ihm ist die Katastrophe des 20. Jahrhunderts eingeschrieben: die Sehnsucht eines Todgeweihten nach &#8222;Tante Marthas Sahnetorte&#8220;.<br \/>\n(aus: <a href=\"http:\/\/www.deutschlandfunkkultur.de\/wieland-foerster-in-mir-blutet-vergangenheit.976.de.html?dram:article_id=309566\">In mir blutet Vergangenheit<\/a> von C. Wiemers und M. Opitz)<\/p><\/blockquote>\n","protected":false},"excerpt":{"rendered":"<p>Wieland F\u00f6rster Arkadischer Akt Wieland F\u00f6rster, der 2009 im Rahmen des Brandenburgischen Kunstpreises den Ehrenpreis f\u00fcr sein Lebenswerk bekam, konzentriert sich inzwischen auf das Schreiben. Gerade ist sein biografischer Roman &#8222;Tamaschito&#8220; erschienen. Tageb\u00fccher zeichnen seinen k\u00fcnstlerischen Weg nach und beschreiben zugleich auch seine von Heinrich von Kleist beeinflusste k\u00fcnstlerische Entwicklung. F\u00f6rster wurde fr\u00fch gepr\u00e4gt durch [&hellip;]<\/p>\n","protected":false},"author":1,"featured_media":0,"comment_status":"open","ping_status":"closed","sticky":false,"template":"","format":"standard","meta":{"footnotes":""},"categories":[4],"tags":[],"class_list":["post-6415","post","type-post","status-publish","format-standard","hentry","category-berlin"],"_links":{"self":[{"href":"https:\/\/mitue.de\/index.php?rest_route=\/wp\/v2\/posts\/6415","targetHints":{"allow":["GET"]}}],"collection":[{"href":"https:\/\/mitue.de\/index.php?rest_route=\/wp\/v2\/posts"}],"about":[{"href":"https:\/\/mitue.de\/index.php?rest_route=\/wp\/v2\/types\/post"}],"author":[{"embeddable":true,"href":"https:\/\/mitue.de\/index.php?rest_route=\/wp\/v2\/users\/1"}],"replies":[{"embeddable":true,"href":"https:\/\/mitue.de\/index.php?rest_route=%2Fwp%2Fv2%2Fcomments&post=6415"}],"version-history":[{"count":1,"href":"https:\/\/mitue.de\/index.php?rest_route=\/wp\/v2\/posts\/6415\/revisions"}],"predecessor-version":[{"id":6416,"href":"https:\/\/mitue.de\/index.php?rest_route=\/wp\/v2\/posts\/6415\/revisions\/6416"}],"wp:attachment":[{"href":"https:\/\/mitue.de\/index.php?rest_route=%2Fwp%2Fv2%2Fmedia&parent=6415"}],"wp:term":[{"taxonomy":"category","embeddable":true,"href":"https:\/\/mitue.de\/index.php?rest_route=%2Fwp%2Fv2%2Fcategories&post=6415"},{"taxonomy":"post_tag","embeddable":true,"href":"https:\/\/mitue.de\/index.php?rest_route=%2Fwp%2Fv2%2Ftags&post=6415"}],"curies":[{"name":"wp","href":"https:\/\/api.w.org\/{rel}","templated":true}]}}