{"id":6462,"date":"2018-02-22T16:10:45","date_gmt":"2018-02-22T15:10:45","guid":{"rendered":"http:\/\/mitue.de\/?p=6462"},"modified":"2018-02-25T10:28:22","modified_gmt":"2018-02-25T09:28:22","slug":"bunk","status":"publish","type":"post","link":"https:\/\/mitue.de\/?p=6462","title":{"rendered":"BUNK!"},"content":{"rendered":"<p><a href=\"https:\/\/www.flickr.com\/photos\/mitue\/26549637988\/in\/dateposted\/\" title=\"Pao01\"><img loading=\"lazy\" decoding=\"async\" src=\"https:\/\/farm5.staticflickr.com\/4622\/26549637988_06240d3b43.jpg\" width=\"500\" height=\"440\" alt=\"Pao01\"><\/a><\/p>\n<p align=\"justify\"><a href=\"https:\/\/de.wikipedia.org\/wiki\/Eduardo_Paolozzi\">Eduardo Paolozzi <\/a><br \/>\n<a href=\"https:\/\/www.berlinischegalerie.de\/ausstellungen-berlin\/aktuell\/eduardo-paolozzi\/\">Lots of pictures &#8211; lots of fun<\/a><br \/>\nin der Berlinischen Galerie<\/p>\n<p><a href=\"https:\/\/www.flickr.com\/photos\/mitue\/39710145934\/in\/dateposted\/\" title=\"Pao05\"><img loading=\"lazy\" decoding=\"async\" src=\"https:\/\/farm5.staticflickr.com\/4614\/39710145934_1f29e9fc9f.jpg\" width=\"500\" height=\"434\" alt=\"Pao05\"><\/a><\/p>\n<blockquote><p>Der Tatsache, dass Eduardo Paolozzi auch in Berlin seine Spuren hinterlassen hat, widmet die Berlinische Galerie einen ganzen Raum. Als DAAD-Stipendiat hatte er 1974\/75 ein Atelier am Kottbusser Damm bezogen. Diese Zeit nannte der K\u00fcnstler die fruchtbarste seines Lebens. Optisch verbunden wird diese Schau durch Farbbalken in Pink, Orange und Himmelblau. Sie ziehen sich wie Rallye-Streifen \u00fcber die wei\u00dfen W\u00e4nde der Ausstellungshallen und geben diesem so \u00fcberbordenden Werk den ad\u00e4quaten dynamisch frischen Rahmen.<br \/>\nQuelle: https:\/\/www.berliner-zeitung.de\/29641682 \u00a92018\n<\/p><\/blockquote>\n<p><a href=\"https:\/\/www.flickr.com\/photos\/mitue\/39710418754\/in\/dateposted\/\" title=\"Pao07\"><img loading=\"lazy\" decoding=\"async\" src=\"https:\/\/farm5.staticflickr.com\/4711\/39710418754_63f6eccc24.jpg\" width=\"500\" height=\"460\" alt=\"Pao07\"><\/a><\/p>\n<blockquote class=\"instagram-media\" data-instgrm-captioned data-instgrm-permalink=\"https:\/\/www.instagram.com\/p\/BfnJ0PQjM-1\/\" data-instgrm-version=\"8\" style=\" background:#FFF; border:0; border-radius:3px; box-shadow:0 0 1px 0 rgba(0,0,0,0.5),0 1px 10px 0 rgba(0,0,0,0.15); margin: 1px; max-width:658px; padding:0; width:99.375%; width:-webkit-calc(100% - 2px); width:calc(100% - 2px);\">\n<div style=\"padding:8px;\">\n<div style=\" background:#F8F8F8; line-height:0; margin-top:40px; padding:50% 0; text-align:center; width:100%;\">\n<div style=\" background:url(data:image\/png;base64,iVBORw0KGgoAAAANSUhEUgAAACwAAAAsCAMAAAApWqozAAAABGdBTUEAALGPC\/xhBQAAAAFzUkdCAK7OHOkAAAAMUExURczMzPf399fX1+bm5mzY9AMAAADiSURBVDjLvZXbEsMgCES5\/P8\/t9FuRVCRmU73JWlzosgSIIZURCjo\/ad+EQJJB4Hv8BFt+IDpQoCx1wjOSBFhh2XssxEIYn3ulI\/6MNReE07UIWJEv8UEOWDS88LY97kqyTliJKKtuYBbruAyVh5wOHiXmpi5we58Ek028czwyuQdLKPG1Bkb4NnM+VeAnfHqn1k4+GPT6uGQcvu2h2OVuIf\/gWUFyy8OWEpdyZSa3aVCqpVoVvzZZ2VTnn2wU8qzVjDDetO90GSy9mVLqtgYSy231MxrY6I2gGqjrTY0L8fxCxfCBbhWrsYYAAAAAElFTkSuQmCC); display:block; height:44px; margin:0 auto -44px; position:relative; top:-22px; width:44px;\"><\/div>\n<\/div>\n<p style=\" margin:8px 0 0 0; padding:0 4px;\"> <a href=\"https:\/\/www.instagram.com\/p\/BfnJ0PQjM-1\/\" style=\" color:#000; font-family:Arial,sans-serif; font-size:14px; font-style:normal; font-weight:normal; line-height:17px; text-decoration:none; word-wrap:break-word;\" target=\"_blank\">#asundaycarpic from the seventies picturing this monumental black and white mural in Berlin\u2019s Kurf\u00fcrstenstra\u00dfe which was over 35 metres wide and unfortunately has not been preserved. But when a bank building was demolished there recently, parts of it reappeared.? ? See a reproduction in the Eduardo Paolozzi show on view at #berlinischegalerie. _________________________? EDUARDO PAOLOZZI? LOTS OF PICTURES \u2013 LOTS OF FUN? 09.02.\u201328.05.2018? #EduardoPaolozziBG #EduardoPaolozzi?? ? \u00a9 Trustees of the Paolozzi Foundation, Licensed by\/VG Bild-Kunst, Bonn 2018, Photos: Ingeborg Lommatzsch, 1977 + Harry Schnitger, 2018 #mural #popart #wallpainting #berlinmurals #muralsdaily #vwk\u00e4fer #berlin365 #diewocheaufinstagram #berlinstagram<\/a><\/p>\n<p style=\" color:#c9c8cd; font-family:Arial,sans-serif; font-size:14px; line-height:17px; margin-bottom:0; margin-top:8px; overflow:hidden; padding:8px 0 7px; text-align:center; text-overflow:ellipsis; white-space:nowrap;\">Ein Beitrag geteilt von <a href=\"https:\/\/www.instagram.com\/berlinischegalerie\/\" style=\" color:#c9c8cd; font-family:Arial,sans-serif; font-size:14px; font-style:normal; font-weight:normal; line-height:17px;\" target=\"_blank\"> Berlinische Galerie<\/a> (@berlinischegalerie) am <time style=\" font-family:Arial,sans-serif; font-size:14px; line-height:17px;\" datetime=\"2018-02-25T07:45:37+00:00\">Feb 24, 2018 um 11:45 PST<\/time><\/p>\n<\/div>\n<\/blockquote>\n<p> <script async defer src=\"\/\/www.instagram.com\/embed.js\"><\/script><\/p>\n","protected":false},"excerpt":{"rendered":"<p>Eduardo Paolozzi Lots of pictures &#8211; lots of fun in der Berlinischen Galerie Der Tatsache, dass Eduardo Paolozzi auch in Berlin seine Spuren hinterlassen hat, widmet die Berlinische Galerie einen ganzen Raum. Als DAAD-Stipendiat hatte er 1974\/75 ein Atelier am Kottbusser Damm bezogen. Diese Zeit nannte der K\u00fcnstler die fruchtbarste seines Lebens. Optisch verbunden wird [&hellip;]<\/p>\n","protected":false},"author":1,"featured_media":0,"comment_status":"open","ping_status":"closed","sticky":false,"template":"","format":"standard","meta":{"footnotes":""},"categories":[5],"tags":[20],"class_list":["post-6462","post","type-post","status-publish","format-standard","hentry","category-ausstellungen","tag-berlinische-galerie"],"_links":{"self":[{"href":"https:\/\/mitue.de\/index.php?rest_route=\/wp\/v2\/posts\/6462","targetHints":{"allow":["GET"]}}],"collection":[{"href":"https:\/\/mitue.de\/index.php?rest_route=\/wp\/v2\/posts"}],"about":[{"href":"https:\/\/mitue.de\/index.php?rest_route=\/wp\/v2\/types\/post"}],"author":[{"embeddable":true,"href":"https:\/\/mitue.de\/index.php?rest_route=\/wp\/v2\/users\/1"}],"replies":[{"embeddable":true,"href":"https:\/\/mitue.de\/index.php?rest_route=%2Fwp%2Fv2%2Fcomments&post=6462"}],"version-history":[{"count":3,"href":"https:\/\/mitue.de\/index.php?rest_route=\/wp\/v2\/posts\/6462\/revisions"}],"predecessor-version":[{"id":6470,"href":"https:\/\/mitue.de\/index.php?rest_route=\/wp\/v2\/posts\/6462\/revisions\/6470"}],"wp:attachment":[{"href":"https:\/\/mitue.de\/index.php?rest_route=%2Fwp%2Fv2%2Fmedia&parent=6462"}],"wp:term":[{"taxonomy":"category","embeddable":true,"href":"https:\/\/mitue.de\/index.php?rest_route=%2Fwp%2Fv2%2Fcategories&post=6462"},{"taxonomy":"post_tag","embeddable":true,"href":"https:\/\/mitue.de\/index.php?rest_route=%2Fwp%2Fv2%2Ftags&post=6462"}],"curies":[{"name":"wp","href":"https:\/\/api.w.org\/{rel}","templated":true}]}}