{"id":6473,"date":"2018-02-26T16:04:31","date_gmt":"2018-02-26T15:04:31","guid":{"rendered":"http:\/\/mitue.de\/?p=6473"},"modified":"2018-02-26T16:09:19","modified_gmt":"2018-02-26T15:09:19","slug":"eine-enzyklopaedie-des-zarten","status":"publish","type":"post","link":"https:\/\/mitue.de\/?p=6473","title":{"rendered":"Eine Enzyklop\u00e4die des Zarten"},"content":{"rendered":"<p align=\"justify\">In der Galerie im K\u00f6rnerpark wird <a href=\"https:\/\/www.lesenmitlinks.de\/anne-brannys\/\">&#8222;Die Enzyklop\u00e4die des Zarten&#8220; von Anne Brannys<\/a> vorgestellt. <\/p>\n<p><a href=\"https:\/\/www.flickr.com\/photos\/mitue\/39601942805\/in\/dateposted\/\" title=\"Enzyklop\u00e4die des Zarten 02\"><img loading=\"lazy\" decoding=\"async\" src=\"https:\/\/farm5.staticflickr.com\/4626\/39601942805_672b88705d.jpg\" width=\"500\" height=\"355\" alt=\"Enzyklop\u00e4die des Zarten 02\"><\/a><\/p>\n<blockquote><p>Brannys &#8222;<a href=\"http:\/\/www.daszarte.de\/enzyklo.html\">Enzyklop\u00e4die des Zarten<\/a>&#8220; wird jeden entt\u00e4uschen, der klare Definitionen oder systematische Ableitungen erwartet. Der Reiz des Buches besteht in seiner Offenheit. Es stellt das &#8222;Zarte&#8220; als etwas schwer zu Fassendes vor, als etwas Schwebendes, als ein Ph\u00e4nomen, das sich festen Kategorien entzieht. Gro\u00dfartig, wie hier Form und Inhalt miteinander korrespondieren. Der Umgang eines Lesers und Betrachters mit dem Objekt erfordert bereits Zartgef\u00fchl: der l\u00f6sbare Einband ist mit Stichworten bedruckt, man muss, um sich einen Eindruck vom Gegenstand zu verschaffen, ihn vorsichtig entfalten, muss das obere Einbandpapier leicht dr\u00fccken, um den ganzen Titel lesen zu k\u00f6nnen.<br \/>\n(mehr <a href=\"http:\/\/www.deutschlandfunkkultur.de\/anne-brannys-eine-enzyklopaedie-des-zarten-was-das-absolut.1270.de.html?dram:article_id=397610\">hier<\/a>)<\/p><\/blockquote>\n<p><a href=\"https:\/\/www.flickr.com\/photos\/mitue\/39787741434\/in\/dateposted\/\" title=\"Like the stain of breath upon a mirror\"><img loading=\"lazy\" decoding=\"async\" src=\"https:\/\/farm5.staticflickr.com\/4607\/39787741434_00cc1c7159.jpg\" width=\"500\" height=\"500\" alt=\"Like the stain of breath upon a mirror\"><\/a><br \/>\n<a href=\"http:\/\/ileanapascalau.com\/?page_id=255#like-the-stain-of-breath-upon-a-mirror\">Ileana Pascalau<\/a><\/p>\n","protected":false},"excerpt":{"rendered":"<p>In der Galerie im K\u00f6rnerpark wird &#8222;Die Enzyklop\u00e4die des Zarten&#8220; von Anne Brannys vorgestellt. Brannys &#8222;Enzyklop\u00e4die des Zarten&#8220; wird jeden entt\u00e4uschen, der klare Definitionen oder systematische Ableitungen erwartet. Der Reiz des Buches besteht in seiner Offenheit. Es stellt das &#8222;Zarte&#8220; als etwas schwer zu Fassendes vor, als etwas Schwebendes, als ein Ph\u00e4nomen, das sich festen [&hellip;]<\/p>\n","protected":false},"author":1,"featured_media":0,"comment_status":"open","ping_status":"closed","sticky":false,"template":"","format":"standard","meta":{"footnotes":""},"categories":[5],"tags":[],"class_list":["post-6473","post","type-post","status-publish","format-standard","hentry","category-ausstellungen"],"_links":{"self":[{"href":"https:\/\/mitue.de\/index.php?rest_route=\/wp\/v2\/posts\/6473","targetHints":{"allow":["GET"]}}],"collection":[{"href":"https:\/\/mitue.de\/index.php?rest_route=\/wp\/v2\/posts"}],"about":[{"href":"https:\/\/mitue.de\/index.php?rest_route=\/wp\/v2\/types\/post"}],"author":[{"embeddable":true,"href":"https:\/\/mitue.de\/index.php?rest_route=\/wp\/v2\/users\/1"}],"replies":[{"embeddable":true,"href":"https:\/\/mitue.de\/index.php?rest_route=%2Fwp%2Fv2%2Fcomments&post=6473"}],"version-history":[{"count":2,"href":"https:\/\/mitue.de\/index.php?rest_route=\/wp\/v2\/posts\/6473\/revisions"}],"predecessor-version":[{"id":6475,"href":"https:\/\/mitue.de\/index.php?rest_route=\/wp\/v2\/posts\/6473\/revisions\/6475"}],"wp:attachment":[{"href":"https:\/\/mitue.de\/index.php?rest_route=%2Fwp%2Fv2%2Fmedia&parent=6473"}],"wp:term":[{"taxonomy":"category","embeddable":true,"href":"https:\/\/mitue.de\/index.php?rest_route=%2Fwp%2Fv2%2Fcategories&post=6473"},{"taxonomy":"post_tag","embeddable":true,"href":"https:\/\/mitue.de\/index.php?rest_route=%2Fwp%2Fv2%2Ftags&post=6473"}],"curies":[{"name":"wp","href":"https:\/\/api.w.org\/{rel}","templated":true}]}}