{"id":6561,"date":"2018-04-23T18:02:51","date_gmt":"2018-04-23T17:02:51","guid":{"rendered":"http:\/\/mitue.de\/?p=6561"},"modified":"2018-04-23T18:02:51","modified_gmt":"2018-04-23T17:02:51","slug":"neolithische-kindheit","status":"publish","type":"post","link":"https:\/\/mitue.de\/?p=6561","title":{"rendered":"Neolithische Kindheit"},"content":{"rendered":"<p align=\"justify\">Kunst in einer falschen Gegenwart, ca. 1930 (<a href=\"https:\/\/issuu.com\/hkwberlin\/docs\/neolithische_kindheit_manual_ansich\">Manual<\/a>)<\/p>\n<blockquote><p>Der verschroben-tr\u00e4umerisch anmutende Titel der Ausstellung &#8222;Neolithische Kindheit&#8220;, ist einer Schrift Carl Einsteins \u00fcber den Bildhauer Hans Arp entlehnt, an dessen Werk er die Verschr\u00e4nkung von Moderne und Primitivit\u00e4t festzumachen versucht.<\/p><\/blockquote>\n<p><a href=\"https:\/\/www.flickr.com\/photos\/mitue\/27378788528\/in\/dateposted\/\" title=\"Neolithische Kindheit\"><img loading=\"lazy\" decoding=\"async\" src=\"https:\/\/farm1.staticflickr.com\/810\/27378788528_d5c1556e4e.jpg\" width=\"500\" height=\"333\" alt=\"Neolithische Kindheit\"><\/a><\/p>\n<blockquote><p>Um 1930 war eine Zeit der Krise der Moderne. Auch den k\u00fcnstlerischen Avantgarden in Europa wurde ihre Zeitgenossenschaft zum Problem. Die Zumutungen der Gegenwart verleiteten K\u00fcnstlerInnen dazu, in einen Imaginationsraum der Archaik und Exotik auszubrechen \u2013 auf der Suche nach alternativen Urspr\u00fcngen und Nullpunkten der Menschheit.<br \/>\n(mehr <a href=\"https:\/\/www.hkw.de\/de\/programm\/projekte\/2018\/neolithische_kindheit\/neolithische_kindheit_start.php\">hier<\/a>)<\/p><\/blockquote>\n<p><a href=\"https:\/\/www.flickr.com\/photos\/mitue\/26782627277\/in\/dateposted\/\" title=\"Spaz20180423 07\"><img loading=\"lazy\" decoding=\"async\" src=\"https:\/\/farm1.staticflickr.com\/798\/26782627277_988f137ca1.jpg\" width=\"500\" height=\"333\" alt=\"Spaz20180423 07\"><\/a><\/p>\n<p align=\"justify\"><a href=\"http:\/\/www.deutschlandfunk.de\/ausstellung-im-haus-der-kulturen-der-welt-spaziergang-durch.691.de.html?dram:article_id=415633\">Spaziergang durch Carl Einsteins Gedankenwelt<\/a><\/p>\n","protected":false},"excerpt":{"rendered":"<p>Kunst in einer falschen Gegenwart, ca. 1930 (Manual) Der verschroben-tr\u00e4umerisch anmutende Titel der Ausstellung &#8222;Neolithische Kindheit&#8220;, ist einer Schrift Carl Einsteins \u00fcber den Bildhauer Hans Arp entlehnt, an dessen Werk er die Verschr\u00e4nkung von Moderne und Primitivit\u00e4t festzumachen versucht. Um 1930 war eine Zeit der Krise der Moderne. Auch den k\u00fcnstlerischen Avantgarden in Europa wurde [&hellip;]<\/p>\n","protected":false},"author":1,"featured_media":0,"comment_status":"open","ping_status":"closed","sticky":false,"template":"","format":"standard","meta":{"footnotes":""},"categories":[5],"tags":[681],"class_list":["post-6561","post","type-post","status-publish","format-standard","hentry","category-ausstellungen","tag-hdkdw"],"_links":{"self":[{"href":"https:\/\/mitue.de\/index.php?rest_route=\/wp\/v2\/posts\/6561","targetHints":{"allow":["GET"]}}],"collection":[{"href":"https:\/\/mitue.de\/index.php?rest_route=\/wp\/v2\/posts"}],"about":[{"href":"https:\/\/mitue.de\/index.php?rest_route=\/wp\/v2\/types\/post"}],"author":[{"embeddable":true,"href":"https:\/\/mitue.de\/index.php?rest_route=\/wp\/v2\/users\/1"}],"replies":[{"embeddable":true,"href":"https:\/\/mitue.de\/index.php?rest_route=%2Fwp%2Fv2%2Fcomments&post=6561"}],"version-history":[{"count":1,"href":"https:\/\/mitue.de\/index.php?rest_route=\/wp\/v2\/posts\/6561\/revisions"}],"predecessor-version":[{"id":6562,"href":"https:\/\/mitue.de\/index.php?rest_route=\/wp\/v2\/posts\/6561\/revisions\/6562"}],"wp:attachment":[{"href":"https:\/\/mitue.de\/index.php?rest_route=%2Fwp%2Fv2%2Fmedia&parent=6561"}],"wp:term":[{"taxonomy":"category","embeddable":true,"href":"https:\/\/mitue.de\/index.php?rest_route=%2Fwp%2Fv2%2Fcategories&post=6561"},{"taxonomy":"post_tag","embeddable":true,"href":"https:\/\/mitue.de\/index.php?rest_route=%2Fwp%2Fv2%2Ftags&post=6561"}],"curies":[{"name":"wp","href":"https:\/\/api.w.org\/{rel}","templated":true}]}}