{"id":66,"date":"2008-02-27T17:24:45","date_gmt":"2008-02-27T16:24:45","guid":{"rendered":"http:\/\/mitue.de\/?p=66"},"modified":"2008-02-27T17:25:36","modified_gmt":"2008-02-27T16:25:36","slug":"alfred-hrdlicka","status":"publish","type":"post","link":"https:\/\/mitue.de\/?p=66","title":{"rendered":"Alfred Hrdlicka"},"content":{"rendered":"<p>Heute: 80. Geburtstag von <a href=\"http:\/\/de.wikipedia.org\/wiki\/Alfred_Hrdlicka\">Alfred Hrdlicka<\/a><\/p>\n<blockquote><p>H: Schon in meinen fr\u00fchen Jahren war ich &#8211; wie soll ich sagen &#8211; schwierig. Jung, sehr muskul\u00f6s und, was wei\u00df ich, sehr seltsam.<\/p><\/blockquote>\n<p><a href=\"http:\/\/www.flickr.com\/photos\/mitue\/2288958198\/\" title=\"Hrdlicka by mitue, on Flickr\"><img loading=\"lazy\" decoding=\"async\" border=\"0\" width=\"500\" src=\"http:\/\/farm4.static.flickr.com\/3109\/2288958198_60ab21ff79.jpg\" alt=\"Hrdlicka\" height=\"472\" \/><\/a><br \/>\nDer Tod des Demonstranten, 1971<\/p>\n<blockquote><p>B: Sie sind doch eigentlich ganz nett, Herr Hrdlicka. Wieso waren Sie denn immer so undiplomatisch?<br \/>\nH: Na, weil es meiner Karriere genutzt hat! Ich muss ganz offen reden: Meine Karriere besteht aus Widerspr\u00fcchen. Schauen Sie, ich war so \u00fcberrascht bei der Er\u00f6ffnung meiner Ausstellung im J\u00e4nner in Schw\u00e4bisch Hall, weil ich gar nicht mehr gewusst habe, dass ich so viel Monumentales gemacht habe! Sie werden dort feststellen, dass ich schon ein w\u00fcstes Kaliber gewesen bin. Denn ich kann zeichnen wie ein Affe! Die Kunst besteht auch aus K\u00f6nnen. F\u00fcr mein K\u00f6nnen kann ich mich r\u00fchmen.<br \/>\n(aus einem <a href=\"http:\/\/www.berlinonline.de\/berliner-zeitung\/print\/magazin\/728154.html\">Interview<\/a> in der Berliner Zeitung)<\/p><\/blockquote>\n","protected":false},"excerpt":{"rendered":"<p>Heute: 80. Geburtstag von Alfred Hrdlicka H: Schon in meinen fr\u00fchen Jahren war ich &#8211; wie soll ich sagen &#8211; schwierig. Jung, sehr muskul\u00f6s und, was wei\u00df ich, sehr seltsam. Der Tod des Demonstranten, 1971 B: Sie sind doch eigentlich ganz nett, Herr Hrdlicka. Wieso waren Sie denn immer so undiplomatisch? H: Na, weil es [&hellip;]<\/p>\n","protected":false},"author":1,"featured_media":0,"comment_status":"open","ping_status":"open","sticky":false,"template":"","format":"standard","meta":{"footnotes":""},"categories":[3],"tags":[10],"class_list":["post-66","post","type-post","status-publish","format-standard","hentry","category-kunst-im-offentlichen-raum","tag-skulptur"],"_links":{"self":[{"href":"https:\/\/mitue.de\/index.php?rest_route=\/wp\/v2\/posts\/66","targetHints":{"allow":["GET"]}}],"collection":[{"href":"https:\/\/mitue.de\/index.php?rest_route=\/wp\/v2\/posts"}],"about":[{"href":"https:\/\/mitue.de\/index.php?rest_route=\/wp\/v2\/types\/post"}],"author":[{"embeddable":true,"href":"https:\/\/mitue.de\/index.php?rest_route=\/wp\/v2\/users\/1"}],"replies":[{"embeddable":true,"href":"https:\/\/mitue.de\/index.php?rest_route=%2Fwp%2Fv2%2Fcomments&post=66"}],"version-history":[{"count":0,"href":"https:\/\/mitue.de\/index.php?rest_route=\/wp\/v2\/posts\/66\/revisions"}],"wp:attachment":[{"href":"https:\/\/mitue.de\/index.php?rest_route=%2Fwp%2Fv2%2Fmedia&parent=66"}],"wp:term":[{"taxonomy":"category","embeddable":true,"href":"https:\/\/mitue.de\/index.php?rest_route=%2Fwp%2Fv2%2Fcategories&post=66"},{"taxonomy":"post_tag","embeddable":true,"href":"https:\/\/mitue.de\/index.php?rest_route=%2Fwp%2Fv2%2Ftags&post=66"}],"curies":[{"name":"wp","href":"https:\/\/api.w.org\/{rel}","templated":true}]}}