{"id":6641,"date":"2018-06-23T18:30:11","date_gmt":"2018-06-23T17:30:11","guid":{"rendered":"http:\/\/mitue.de\/?p=6641"},"modified":"2018-08-23T08:17:30","modified_gmt":"2018-08-23T07:17:30","slug":"berlin-biennale-1","status":"publish","type":"post","link":"https:\/\/mitue.de\/?p=6641","title":{"rendered":"Berlin Biennale 10 (1)"},"content":{"rendered":"<p><a href=\"https:\/\/www.flickr.com\/photos\/mitue\/42068040385\/in\/dateposted\/\" title=\"VB 1\"><img loading=\"lazy\" decoding=\"async\" src=\"https:\/\/farm1.staticflickr.com\/888\/42068040385_eac1ce35e6.jpg\" width=\"500\" height=\"362\" alt=\"VB 1\"><\/a><\/p>\n<p><a href=\"https:\/\/www.flickr.com\/photos\/mitue\/42068027335\/in\/dateposted\/\" title=\"BB 01\"><img loading=\"lazy\" decoding=\"async\" src=\"https:\/\/farm2.staticflickr.com\/1826\/42068027335_dd1b8d1a1d.jpg\" width=\"500\" height=\"387\" alt=\"BB 01\"><\/a><\/p>\n<p align=\"justify\"><a href=\"http:\/\/bb10.berlinbiennial.de\/artists\/l\/las-nietas-de-nono\">Las Nietas de Nono im Volksb\u00fchne Pavillon <\/a>  <\/p>\n<blockquote><p>Bei der 10. Berlin Biennale wird im Pavillon die Arbeit Ilustraciones de la Mec\u00e1nica (Illustrationen des Mechanischen, 2016-18) das puertoricanischen K\u00fcnstlerinnen-Duos Las Nietas de Non\u00f3, die aus einer Videoinstallation, regelm\u00e4\u00dfigen Performances und Objekten, Masken und \u201eH\u00e4uten\u201c weiblicher K\u00f6rper \u2013 organisches Leder, mit dem Las Nietas de Non\u00f3 fortlaufend experimentieren \u2013 besteht. <\/p><\/blockquote>\n<p><a href=\"https:\/\/www.flickr.com\/photos\/mitue\/42250924034\/in\/dateposted\/\" title=\"BB 04\"><img loading=\"lazy\" decoding=\"async\" src=\"https:\/\/farm2.staticflickr.com\/1785\/42250924034_55bdf6f9e2.jpg\" width=\"500\" height=\"334\" alt=\"BB 04\"><\/a><\/p>\n<p><a href=\"https:\/\/www.flickr.com\/photos\/mitue\/28100692667\/in\/dateposted\/\" title=\"BB 03\"><img loading=\"lazy\" decoding=\"async\" src=\"https:\/\/farm2.staticflickr.com\/1807\/28100692667_e628fbd2cd.jpg\" width=\"500\" height=\"392\" alt=\"BB 03\"><\/a><\/p>\n<p><a href=\"https:\/\/www.flickr.com\/photos\/mitue\/42920146682\/in\/dateposted\/\" title=\"BB 02\"><img loading=\"lazy\" decoding=\"async\" src=\"https:\/\/farm1.staticflickr.com\/899\/42920146682_64695f5e55.jpg\" width=\"500\" height=\"362\" alt=\"BB 02\"><\/a><\/p>\n<blockquote><p>Die kleinste Ausstellungseinheit der Berlin Biennale bildet zweifellos der Pavillon der Volksb\u00fchne: Der gl\u00e4serne Zwerg neben dem m\u00e4chtigen Theater bietet gerade einmal Platz f\u00fcr zwei K\u00fcnstler.<br \/>\n(mehr <a href=\"https:\/\/www.tagesspiegel.de\/kultur\/10-berlin-biennale-koerper-als-politik\/22659212.html\">hier<\/a>)<\/p><\/blockquote>\n","protected":false},"excerpt":{"rendered":"<p>Las Nietas de Nono im Volksb\u00fchne Pavillon Bei der 10. Berlin Biennale wird im Pavillon die Arbeit Ilustraciones de la Mec\u00e1nica (Illustrationen des Mechanischen, 2016-18) das puertoricanischen K\u00fcnstlerinnen-Duos Las Nietas de Non\u00f3, die aus einer Videoinstallation, regelm\u00e4\u00dfigen Performances und Objekten, Masken und \u201eH\u00e4uten\u201c weiblicher K\u00f6rper \u2013 organisches Leder, mit dem Las Nietas de Non\u00f3 fortlaufend [&hellip;]<\/p>\n","protected":false},"author":1,"featured_media":0,"comment_status":"open","ping_status":"closed","sticky":false,"template":"","format":"standard","meta":{"footnotes":""},"categories":[5],"tags":[686],"class_list":["post-6641","post","type-post","status-publish","format-standard","hentry","category-ausstellungen","tag-berlin-biennale-10"],"_links":{"self":[{"href":"https:\/\/mitue.de\/index.php?rest_route=\/wp\/v2\/posts\/6641","targetHints":{"allow":["GET"]}}],"collection":[{"href":"https:\/\/mitue.de\/index.php?rest_route=\/wp\/v2\/posts"}],"about":[{"href":"https:\/\/mitue.de\/index.php?rest_route=\/wp\/v2\/types\/post"}],"author":[{"embeddable":true,"href":"https:\/\/mitue.de\/index.php?rest_route=\/wp\/v2\/users\/1"}],"replies":[{"embeddable":true,"href":"https:\/\/mitue.de\/index.php?rest_route=%2Fwp%2Fv2%2Fcomments&post=6641"}],"version-history":[{"count":2,"href":"https:\/\/mitue.de\/index.php?rest_route=\/wp\/v2\/posts\/6641\/revisions"}],"predecessor-version":[{"id":6734,"href":"https:\/\/mitue.de\/index.php?rest_route=\/wp\/v2\/posts\/6641\/revisions\/6734"}],"wp:attachment":[{"href":"https:\/\/mitue.de\/index.php?rest_route=%2Fwp%2Fv2%2Fmedia&parent=6641"}],"wp:term":[{"taxonomy":"category","embeddable":true,"href":"https:\/\/mitue.de\/index.php?rest_route=%2Fwp%2Fv2%2Fcategories&post=6641"},{"taxonomy":"post_tag","embeddable":true,"href":"https:\/\/mitue.de\/index.php?rest_route=%2Fwp%2Fv2%2Ftags&post=6641"}],"curies":[{"name":"wp","href":"https:\/\/api.w.org\/{rel}","templated":true}]}}