{"id":6763,"date":"2018-09-02T10:04:42","date_gmt":"2018-09-02T09:04:42","guid":{"rendered":"http:\/\/mitue.de\/?p=6763"},"modified":"2018-09-02T10:04:42","modified_gmt":"2018-09-02T09:04:42","slug":"moritz-goetze-im-schadow-haus","status":"publish","type":"post","link":"https:\/\/mitue.de\/?p=6763","title":{"rendered":"Moritz G\u00f6tze im Schadow-Haus"},"content":{"rendered":"<p><a href=\"https:\/\/www.flickr.com\/photos\/mitue\/29483080407\/in\/dateposted\/\" title=\"Relief\"><img loading=\"lazy\" decoding=\"async\" src=\"https:\/\/farm2.staticflickr.com\/1860\/29483080407_4f33e75364.jpg\" width=\"500\" height=\"198\" alt=\"Relief\"><\/a><br \/>\n<a href=\"http:\/\/mitue.de\/?p=2388\">Attikarelief des Brandenburger Tores <\/a><\/p>\n<blockquote><p>Vor 225 Jahren wurde die Quadriga auf dem Brandenburger Tor von Johann Gottfried Schadow fertiggestellt. Moritz G\u00f6tze, der in den letzten Jahren mit vier Emaille-Tableaus zur Geschichte des Parlaments beauftragt worden war, nimmt den Geburtstag von Berlins Wahrzeichen zum Anlass, dem Sch\u00f6pfer der Quadriga einen Lorbeerkranz zu flechten und sich seinem Werk kongenial anzun\u00e4hern. Damit vervollst\u00e4ndigt der Hallenser K\u00fcnstler eine Interpretationen preu\u00dfischer Geschichte und holt sie aus einem zunehmend in den B\u00fcchern versteckten Kanon kulturhistorischer Erinnerungskultur h\u00f6chst lebendig in unsere Zeit.<br \/>\n(<a href=\"https:\/\/www.bundestag.de\/besuche\/ausstellungen\/kunst_ausst\/goetze\/554296\">hier<\/a>)<\/p><\/blockquote>\n<p><a href=\"https:\/\/www.flickr.com\/photos\/mitue\/42611182650\/in\/dateposted\/\" title=\"Schadowhaus 14\"><img loading=\"lazy\" decoding=\"async\" src=\"https:\/\/farm2.staticflickr.com\/1899\/42611182650_497b09c14b.jpg\" width=\"500\" height=\"357\" alt=\"Schadowhaus 14\"><\/a><\/p>\n<p><a href=\"https:\/\/www.flickr.com\/photos\/mitue\/29482822557\/in\/photostream\/\" title=\"Schadowhaus 11\"><img loading=\"lazy\" decoding=\"async\" src=\"https:\/\/farm2.staticflickr.com\/1877\/29482822557_29365d3a8f.jpg\" width=\"500\" height=\"352\" alt=\"Schadowhaus 11\"><\/a><\/p>\n","protected":false},"excerpt":{"rendered":"<p>Attikarelief des Brandenburger Tores Vor 225 Jahren wurde die Quadriga auf dem Brandenburger Tor von Johann Gottfried Schadow fertiggestellt. Moritz G\u00f6tze, der in den letzten Jahren mit vier Emaille-Tableaus zur Geschichte des Parlaments beauftragt worden war, nimmt den Geburtstag von Berlins Wahrzeichen zum Anlass, dem Sch\u00f6pfer der Quadriga einen Lorbeerkranz zu flechten und sich seinem [&hellip;]<\/p>\n","protected":false},"author":1,"featured_media":0,"comment_status":"open","ping_status":"closed","sticky":false,"template":"","format":"standard","meta":{"footnotes":""},"categories":[5],"tags":[139,465],"class_list":["post-6763","post","type-post","status-publish","format-standard","hentry","category-ausstellungen","tag-brandenburger-tor","tag-johann-gottfried-schadow"],"_links":{"self":[{"href":"https:\/\/mitue.de\/index.php?rest_route=\/wp\/v2\/posts\/6763","targetHints":{"allow":["GET"]}}],"collection":[{"href":"https:\/\/mitue.de\/index.php?rest_route=\/wp\/v2\/posts"}],"about":[{"href":"https:\/\/mitue.de\/index.php?rest_route=\/wp\/v2\/types\/post"}],"author":[{"embeddable":true,"href":"https:\/\/mitue.de\/index.php?rest_route=\/wp\/v2\/users\/1"}],"replies":[{"embeddable":true,"href":"https:\/\/mitue.de\/index.php?rest_route=%2Fwp%2Fv2%2Fcomments&post=6763"}],"version-history":[{"count":1,"href":"https:\/\/mitue.de\/index.php?rest_route=\/wp\/v2\/posts\/6763\/revisions"}],"predecessor-version":[{"id":6764,"href":"https:\/\/mitue.de\/index.php?rest_route=\/wp\/v2\/posts\/6763\/revisions\/6764"}],"wp:attachment":[{"href":"https:\/\/mitue.de\/index.php?rest_route=%2Fwp%2Fv2%2Fmedia&parent=6763"}],"wp:term":[{"taxonomy":"category","embeddable":true,"href":"https:\/\/mitue.de\/index.php?rest_route=%2Fwp%2Fv2%2Fcategories&post=6763"},{"taxonomy":"post_tag","embeddable":true,"href":"https:\/\/mitue.de\/index.php?rest_route=%2Fwp%2Fv2%2Ftags&post=6763"}],"curies":[{"name":"wp","href":"https:\/\/api.w.org\/{rel}","templated":true}]}}