{"id":6808,"date":"2018-10-04T11:50:43","date_gmt":"2018-10-04T10:50:43","guid":{"rendered":"http:\/\/mitue.de\/?p=6808"},"modified":"2018-10-04T11:50:43","modified_gmt":"2018-10-04T10:50:43","slug":"plateau-mit-halbfigur","status":"publish","type":"post","link":"https:\/\/mitue.de\/?p=6808","title":{"rendered":"Plateau mit Halbfigur"},"content":{"rendered":"<p><a href=\"https:\/\/www.flickr.com\/photos\/mitue\/44181884075\/in\/dateposted\/\" title=\"3MalKunst 06\"><img loading=\"lazy\" decoding=\"async\" src=\"https:\/\/farm2.staticflickr.com\/1914\/44181884075_1411deddd4.jpg\" width=\"500\" height=\"375\" alt=\"3MalKunst 06\"><\/a><\/p>\n<p align=\"justify\">Mit einer H\u00f6he von 20 Metern bietet das w\u00fcrfelf\u00f6rmige Kesselhaus des KINDL \u2013 Zentrum f\u00fcr zeitgen\u00f6ssische Kunst einen einmaligen Ausstellungsort in Berlin. Ab September 2018 setzt <a href=\"https:\/\/www.thomasscheibitz.de\/\">Thomas Scheibitz<\/a> die Reihe der K\u00fcnstlerinnen und K\u00fcnstler fort, die f\u00fcr diesen spektakul\u00e4ren Ausstellungsraum eine <a href=\"http:\/\/www.kindl-berlin.de\/scheibitz\">ortsspezifische Arbeit<\/a> entwickelt haben. Nach Roman Signer, David Claerbout und Haegue Yang ist Thomas Scheibitz nun der erste K\u00fcnstler, der eine auf dem Boden stehende Skulptur ausgearbeitet hat.<\/p>\n<p><a href=\"https:\/\/www.flickr.com\/photos\/mitue\/43279468000\/in\/photostream\/\" title=\"3MalKunst 05\"><img loading=\"lazy\" decoding=\"async\" src=\"https:\/\/farm2.staticflickr.com\/1958\/43279468000_db9af5e5c2.jpg\" width=\"490\" height=\"500\" alt=\"3MalKunst 05\"><\/a><\/p>\n<p><a href=\"https:\/\/www.flickr.com\/photos\/mitue\/43279468750\/in\/dateposted\/\" title=\"3MalKunst 04\"><img loading=\"lazy\" decoding=\"async\" src=\"https:\/\/farm2.staticflickr.com\/1972\/43279468750_a219886a73.jpg\" width=\"500\" height=\"355\" alt=\"3MalKunst 04\"><\/a><\/p>\n","protected":false},"excerpt":{"rendered":"<p>Mit einer H\u00f6he von 20 Metern bietet das w\u00fcrfelf\u00f6rmige Kesselhaus des KINDL \u2013 Zentrum f\u00fcr zeitgen\u00f6ssische Kunst einen einmaligen Ausstellungsort in Berlin. Ab September 2018 setzt Thomas Scheibitz die Reihe der K\u00fcnstlerinnen und K\u00fcnstler fort, die f\u00fcr diesen spektakul\u00e4ren Ausstellungsraum eine ortsspezifische Arbeit entwickelt haben. Nach Roman Signer, David Claerbout und Haegue Yang ist Thomas [&hellip;]<\/p>\n","protected":false},"author":1,"featured_media":0,"comment_status":"open","ping_status":"closed","sticky":false,"template":"","format":"standard","meta":{"footnotes":""},"categories":[5],"tags":[677],"class_list":["post-6808","post","type-post","status-publish","format-standard","hentry","category-ausstellungen","tag-kindl-zentrum-fuer-zeitgenoessische-kunst"],"_links":{"self":[{"href":"https:\/\/mitue.de\/index.php?rest_route=\/wp\/v2\/posts\/6808","targetHints":{"allow":["GET"]}}],"collection":[{"href":"https:\/\/mitue.de\/index.php?rest_route=\/wp\/v2\/posts"}],"about":[{"href":"https:\/\/mitue.de\/index.php?rest_route=\/wp\/v2\/types\/post"}],"author":[{"embeddable":true,"href":"https:\/\/mitue.de\/index.php?rest_route=\/wp\/v2\/users\/1"}],"replies":[{"embeddable":true,"href":"https:\/\/mitue.de\/index.php?rest_route=%2Fwp%2Fv2%2Fcomments&post=6808"}],"version-history":[{"count":1,"href":"https:\/\/mitue.de\/index.php?rest_route=\/wp\/v2\/posts\/6808\/revisions"}],"predecessor-version":[{"id":6809,"href":"https:\/\/mitue.de\/index.php?rest_route=\/wp\/v2\/posts\/6808\/revisions\/6809"}],"wp:attachment":[{"href":"https:\/\/mitue.de\/index.php?rest_route=%2Fwp%2Fv2%2Fmedia&parent=6808"}],"wp:term":[{"taxonomy":"category","embeddable":true,"href":"https:\/\/mitue.de\/index.php?rest_route=%2Fwp%2Fv2%2Fcategories&post=6808"},{"taxonomy":"post_tag","embeddable":true,"href":"https:\/\/mitue.de\/index.php?rest_route=%2Fwp%2Fv2%2Ftags&post=6808"}],"curies":[{"name":"wp","href":"https:\/\/api.w.org\/{rel}","templated":true}]}}