{"id":689,"date":"2009-09-06T16:54:48","date_gmt":"2009-09-06T15:54:48","guid":{"rendered":"http:\/\/mitue.de\/?p=689"},"modified":"2009-09-06T16:54:48","modified_gmt":"2009-09-06T15:54:48","slug":"ceal-floyer-show","status":"publish","type":"post","link":"https:\/\/mitue.de\/?p=689","title":{"rendered":"Ceal Floyer Show"},"content":{"rendered":"<blockquote><p>Die Arbeiten von Ceal Floyer (*1968) bed\u00fcrfen stets eines aufmerksamen Blickes und einer bildnerischen Auseinandersetzung. Pr\u00e4zise und beziehungsreich fordert Floyer in ihren reduzierten Installationen, Objekten und Filmen die Wahrnehmung heraus, legt analytisch Wesensstrukturen frei, verkehrt sie und enth\u00fcllt deren stille Poetik.<br \/>\n(Pressetext: <a>KW Institute for Contemporary Art<\/a>)<\/p><\/blockquote>\n<p><a title=\"CF1 by mitue, on Flickr\" href=\"http:\/\/www.flickr.com\/photos\/mitue\/3893292916\/\"><img loading=\"lazy\" decoding=\"async\" src=\"http:\/\/farm4.static.flickr.com\/3508\/3893292916_fac99f1369.jpg\" border=\"0\" alt=\"CF1\" width=\"500\" height=\"333\" \/><\/a><\/p>\n<blockquote><p>Gro\u00dfer Auftritt in Rot. Die romantische Assoziation eines gl\u00fchenden Sonnenuntergangs \u00fcberm Meer dr\u00e4ngt sich auf, ist aber nicht gemeint. In diesem Rot lebt auch nicht das sengende, fressende Feuer der Sonne. Es ist viel tiefer und dunkler, viel gek\u00fcnstelt dramatischer, als die Natur es vorf\u00fchren k\u00f6nnte. Es ist wie Theaterblut.<br \/>\n(Ingeborg Ruthe in der Berliner Zeitung, <a href=\"http:\/\/www.berlinonline.de\/berliner-zeitung\/archiv\/.bin\/dump.fcgi\/2009\/0826\/feuilleton\/0006\/index.html\">hier<\/a>)<\/p><\/blockquote>\n<p><a title=\"CF4 by mitue, on Flickr\" href=\"http:\/\/www.flickr.com\/photos\/mitue\/3893296962\/\"><img loading=\"lazy\" decoding=\"async\" src=\"http:\/\/farm4.static.flickr.com\/3468\/3893296962_6512f26a22.jpg\" border=\"0\" alt=\"CF4\" width=\"500\" height=\"334\" \/><\/a><\/p>\n<p><a title=\"CF5 by mitue, on Flickr\" href=\"http:\/\/www.flickr.com\/photos\/mitue\/3892511161\/\"><img loading=\"lazy\" decoding=\"async\" src=\"http:\/\/farm4.static.flickr.com\/3436\/3892511161_248869cef4.jpg\" border=\"0\" alt=\"CF5\" width=\"500\" height=\"333\" \/><\/a><\/p>\n<p><a title=\"CF3 by mitue, on Flickr\" href=\"http:\/\/www.flickr.com\/photos\/mitue\/3893296314\/\"><img loading=\"lazy\" decoding=\"async\" src=\"http:\/\/farm3.static.flickr.com\/2514\/3893296314_3f0285dacc.jpg\" border=\"0\" alt=\"CF3\" width=\"500\" height=\"333\" \/><\/a><\/p>\n<blockquote><p>Ihre Pointen sind leise, Sch\u00f6nheit und Poesie muss der Betrachter in ihren Arbeiten schon selbst finden.<br \/>\n(mehr <a href=\"http:\/\/www.monopol-magazin.com\/nachrichten\/ceal-floyer-kunst-werke\">hier<\/a>)<\/p><\/blockquote>\n<p><a title=\"CF2 by mitue, on Flickr\" href=\"http:\/\/www.flickr.com\/photos\/mitue\/3893294516\/\"><img loading=\"lazy\" decoding=\"async\" src=\"http:\/\/farm3.static.flickr.com\/2562\/3893294516_b5d9f46b3e.jpg\" border=\"0\" alt=\"CF2\" width=\"500\" height=\"333\" \/><\/a><\/p>\n<p>Ceal Floyer in: <a href=\"http:\/\/mitue.de\/?p=43\">&#8230; 5 minutes later<\/a><br \/>\nCeal Floyer &#8211; <a href=\"http:\/\/www.sounds-like-me.com\/news\/die-einfachen-dinge-%E2%80%93-ceal-floyer\/\">Die einfachen Dinge<\/a> (Marcus Woeller)<\/p>\n","protected":false},"excerpt":{"rendered":"<p>Die Arbeiten von Ceal Floyer (*1968) bed\u00fcrfen stets eines aufmerksamen Blickes und einer bildnerischen Auseinandersetzung. Pr\u00e4zise und beziehungsreich fordert Floyer in ihren reduzierten Installationen, Objekten und Filmen die Wahrnehmung heraus, legt analytisch Wesensstrukturen frei, verkehrt sie und enth\u00fcllt deren stille Poetik. (Pressetext: KW Institute for Contemporary Art) Gro\u00dfer Auftritt in Rot. Die romantische Assoziation eines [&hellip;]<\/p>\n","protected":false},"author":1,"featured_media":0,"comment_status":"open","ping_status":"open","sticky":false,"template":"","format":"standard","meta":{"footnotes":""},"categories":[5],"tags":[182,73],"class_list":["post-689","post","type-post","status-publish","format-standard","hentry","category-ausstellungen","tag-ceal-floyer","tag-kunstwerke"],"_links":{"self":[{"href":"https:\/\/mitue.de\/index.php?rest_route=\/wp\/v2\/posts\/689","targetHints":{"allow":["GET"]}}],"collection":[{"href":"https:\/\/mitue.de\/index.php?rest_route=\/wp\/v2\/posts"}],"about":[{"href":"https:\/\/mitue.de\/index.php?rest_route=\/wp\/v2\/types\/post"}],"author":[{"embeddable":true,"href":"https:\/\/mitue.de\/index.php?rest_route=\/wp\/v2\/users\/1"}],"replies":[{"embeddable":true,"href":"https:\/\/mitue.de\/index.php?rest_route=%2Fwp%2Fv2%2Fcomments&post=689"}],"version-history":[{"count":1,"href":"https:\/\/mitue.de\/index.php?rest_route=\/wp\/v2\/posts\/689\/revisions"}],"predecessor-version":[{"id":690,"href":"https:\/\/mitue.de\/index.php?rest_route=\/wp\/v2\/posts\/689\/revisions\/690"}],"wp:attachment":[{"href":"https:\/\/mitue.de\/index.php?rest_route=%2Fwp%2Fv2%2Fmedia&parent=689"}],"wp:term":[{"taxonomy":"category","embeddable":true,"href":"https:\/\/mitue.de\/index.php?rest_route=%2Fwp%2Fv2%2Fcategories&post=689"},{"taxonomy":"post_tag","embeddable":true,"href":"https:\/\/mitue.de\/index.php?rest_route=%2Fwp%2Fv2%2Ftags&post=689"}],"curies":[{"name":"wp","href":"https:\/\/api.w.org\/{rel}","templated":true}]}}